{"id":13178,"date":"2022-11-10T09:52:00","date_gmt":"2022-11-10T09:52:00","guid":{"rendered":"https:\/\/dtifoundation.com\/conferencia-internacional-de-iniciativas-sobre-donacion-y-trasplante-de-organos-y-tejidos\/"},"modified":"2024-02-27T15:06:55","modified_gmt":"2024-02-27T15:06:55","slug":"conferencia-internacional-de-iniciativas-sobre-donacion-y-trasplante-de-organos-y-tejidos","status":"publish","type":"post","link":"https:\/\/dtifoundation.com\/es\/conferencia-internacional-de-iniciativas-sobre-donacion-y-trasplante-de-organos-y-tejidos\/","title":{"rendered":"Conferencia Internacional de Iniciativas sobre Donaci\u00f3n y Trasplante de \u00d3rganos y Tejidos"},"content":{"rendered":"\n<p>Fundaci\u00f3n DTI particip\u00f3 en la<strong>Conferencia Internacional de Iniciativas sobre Donaci\u00f3n y Trasplante de \u00d3rganos y Tejidos<\/strong> en Abu Dhabi.<\/p>\n\n<p>Durante el congreso, el Ministerio de Salud de Abu Dhabi premi\u00f3 a nuestro <strong>Presidente Marti Manyalich<\/strong>, en reconocimiento por su contribuci\u00f3n al programa de donaci\u00f3n y trasplante de \u00f3rganos en el pa\u00eds. Estephan Arredondo recibi\u00f3 el premio ya que el Dr. Mart\u00ed Manyalich no pudo asistir en esas fechas.<\/p>\n\n<figure class=\"wp-block-image size-large\"><img decoding=\"async\" src=\"http:\/\/dtifoundation.com\/wp-content\/uploads\/2023\/02\/WhatsApp-Image-2022-11-07-at-11.12.21-1024x768.jpeg\" alt=\"\" class=\"wp-image-12573\"\/><\/figure>\n\n<p>Nos sentimos honrados de haber sido reconocidos por el <strong>Ministerio de Salud de Abu Dhabi<\/strong>, S.E. Abdullah Bin Mohammed Al Hamed, y esperamos seguir colaborando con el pa\u00eds en el futuro.<\/p>\n\n<p>Nuestro equipo estuvo en un stand en el Centro Nacional de Exposiciones de Abu Dhabi (ADNEC) desde el 7<sup>th<\/sup> hasta el 9<sup>th<\/sup> de noviembre. Ha sido un placer ver a la Dra. Chlo\u00eb Ballest\u00e9 y Estephan Arredondo presentar la Fundaci\u00f3n DTI y los programas educativos durante el evento.<\/p>\n\n<figure class=\"wp-block-image size-large\"><img decoding=\"async\" src=\"http:\/\/dtifoundation.com\/wp-content\/uploads\/2023\/02\/WhatsApp-Image-2022-11-08-at-14.08.13-1-768x1024.jpeg\" alt=\"\" class=\"wp-image-12577\"\/><\/figure>\n","protected":false},"excerpt":{"rendered":"<p>Fundaci\u00f3n DTI particip\u00f3 en laConferencia Internacional de Iniciativas sobre Donaci\u00f3n y Trasplante de \u00d3rganos y Tejidos en Abu Dhabi. Durante [&hellip;]<\/p>\n","protected":false},"author":1,"featured_media":4444,"comment_status":"open","ping_status":"closed","sticky":false,"template":"","format":"standard","meta":{"_acf_changed":false,"footnotes":""},"categories":[168,172],"tags":[],"class_list":["post-13178","post","type-post","status-publish","format-standard","has-post-thumbnail","hentry","category-events-es","category-webinars-es"],"acf":[],"yoast_head":"<!-- This site is optimized with the Yoast SEO plugin v26.9 - https:\/\/yoast.com\/product\/yoast-seo-wordpress\/ -->\n<title>Conferencia Internacional de Iniciativas sobre Donaci\u00f3n y Trasplante de \u00d3rganos y Tejidos | DTI Foundation | Donation &amp; Transplantation Institute<\/title>\n<meta name=\"description\" content=\"Fundaci\u00f3n DTI particip\u00f3 en laConferencia Internacional de Iniciativas sobre Donaci\u00f3n y Trasplante de \u00d3rganos y Tejidos en Abu Dhabi. Durante el congreso,\" \/>\n<meta name=\"robots\" content=\"index, follow, max-snippet:-1, max-image-preview:large, max-video-preview:-1\" \/>\n<link rel=\"canonical\" href=\"https:\/\/dtifoundation.com\/es\/conferencia-internacional-de-iniciativas-sobre-donacion-y-trasplante-de-organos-y-tejidos\/\" \/>\n<meta property=\"og:locale\" content=\"es_ES\" \/>\n<meta property=\"og:type\" content=\"article\" \/>\n<meta property=\"og:title\" content=\"Conferencia Internacional de Iniciativas sobre Donaci\u00f3n y Trasplante de \u00d3rganos y Tejidos | DTI Foundation | Donation &amp; Transplantation Institute\" \/>\n<meta property=\"og:description\" content=\"Fundaci\u00f3n DTI particip\u00f3 en laConferencia Internacional de Iniciativas sobre Donaci\u00f3n y Trasplante de \u00d3rganos y Tejidos en Abu Dhabi. Durante el congreso,\" \/>\n<meta property=\"og:url\" content=\"https:\/\/dtifoundation.com\/es\/conferencia-internacional-de-iniciativas-sobre-donacion-y-trasplante-de-organos-y-tejidos\/\" \/>\n<meta property=\"og:site_name\" content=\"DTI Foundation | Donation &amp; Transplantation Institute\" \/>\n<meta property=\"article:published_time\" content=\"2022-11-10T09:52:00+00:00\" \/>\n<meta property=\"article:modified_time\" content=\"2024-02-27T15:06:55+00:00\" \/>\n<meta property=\"og:image\" content=\"https:\/\/dtifoundation.com\/wp-content\/uploads\/2023\/02\/WhatsApp-Image-2022-11-07-at-11.12.21-1.jpeg\" \/>\n\t<meta property=\"og:image:width\" content=\"1600\" \/>\n\t<meta property=\"og:image:height\" content=\"1200\" \/>\n\t<meta property=\"og:image:type\" content=\"image\/jpeg\" \/>\n<meta name=\"author\" content=\"DTI Foundation\" \/>\n<meta name=\"twitter:card\" content=\"summary_large_image\" \/>\n<meta name=\"twitter:label1\" content=\"Escrito por\" \/>\n\t<meta name=\"twitter:data1\" content=\"DTI Foundation\" \/>\n\t<meta name=\"twitter:label2\" content=\"Tiempo de lectura\" \/>\n\t<meta name=\"twitter:data2\" content=\"1 minuto\" \/>\n<script type=\"application\/ld+json\" class=\"yoast-schema-graph\">{\"@context\":\"https:\/\/schema.org\",\"@graph\":[{\"@type\":\"ScholarlyArticle\",\"@id\":\"https:\/\/dtifoundation.com\/es\/conferencia-internacional-de-iniciativas-sobre-donacion-y-trasplante-de-organos-y-tejidos\/#article\",\"isPartOf\":{\"@id\":\"https:\/\/dtifoundation.com\/es\/conferencia-internacional-de-iniciativas-sobre-donacion-y-trasplante-de-organos-y-tejidos\/\"},\"author\":{\"name\":\"DTI Foundation\",\"@id\":\"https:\/\/dtifoundation.com\/#\/schema\/person\/f692c11e68e0b3ced9d7056273b19eda\"},\"headline\":\"Conferencia Internacional de Iniciativas sobre Donaci\u00f3n y Trasplante de \u00d3rganos y Tejidos\",\"datePublished\":\"2022-11-10T09:52:00+00:00\",\"dateModified\":\"2024-02-27T15:06:55+00:00\",\"mainEntityOfPage\":{\"@id\":\"https:\/\/dtifoundation.com\/es\/conferencia-internacional-de-iniciativas-sobre-donacion-y-trasplante-de-organos-y-tejidos\/\"},\"wordCount\":168,\"commentCount\":0,\"image\":{\"@id\":\"https:\/\/dtifoundation.com\/es\/conferencia-internacional-de-iniciativas-sobre-donacion-y-trasplante-de-organos-y-tejidos\/#primaryimage\"},\"thumbnailUrl\":\"https:\/\/dtifoundation.com\/wp-content\/uploads\/2023\/02\/WhatsApp-Image-2022-11-07-at-11.12.21-1.jpeg\",\"articleSection\":[\"Events\",\"Webinars\"],\"inLanguage\":\"es\",\"potentialAction\":[{\"@type\":\"CommentAction\",\"name\":\"Comment\",\"target\":[\"https:\/\/dtifoundation.com\/es\/conferencia-internacional-de-iniciativas-sobre-donacion-y-trasplante-de-organos-y-tejidos\/#respond\"]}]},{\"@type\":[\"WebPage\",\"MedicalWebPage\"],\"@id\":\"https:\/\/dtifoundation.com\/es\/conferencia-internacional-de-iniciativas-sobre-donacion-y-trasplante-de-organos-y-tejidos\/\",\"url\":\"https:\/\/dtifoundation.com\/es\/conferencia-internacional-de-iniciativas-sobre-donacion-y-trasplante-de-organos-y-tejidos\/\",\"name\":\"Conferencia Internacional de Iniciativas sobre Donaci\u00f3n y Trasplante de \u00d3rganos y Tejidos | DTI Foundation | Donation &amp; Transplantation Institute\",\"isPartOf\":{\"@id\":\"https:\/\/dtifoundation.com\/#website\"},\"primaryImageOfPage\":{\"@id\":\"https:\/\/dtifoundation.com\/es\/conferencia-internacional-de-iniciativas-sobre-donacion-y-trasplante-de-organos-y-tejidos\/#primaryimage\"},\"image\":{\"@id\":\"https:\/\/dtifoundation.com\/es\/conferencia-internacional-de-iniciativas-sobre-donacion-y-trasplante-de-organos-y-tejidos\/#primaryimage\"},\"thumbnailUrl\":\"https:\/\/dtifoundation.com\/wp-content\/uploads\/2023\/02\/WhatsApp-Image-2022-11-07-at-11.12.21-1.jpeg\",\"datePublished\":\"2022-11-10T09:52:00+00:00\",\"dateModified\":\"2024-02-27T15:06:55+00:00\",\"author\":{\"@id\":\"https:\/\/dtifoundation.com\/#\/schema\/person\/f692c11e68e0b3ced9d7056273b19eda\"},\"description\":\"Fundaci\u00f3n DTI particip\u00f3 en laConferencia Internacional de Iniciativas sobre Donaci\u00f3n y Trasplante de \u00d3rganos y Tejidos en Abu Dhabi. Durante el congreso,\",\"breadcrumb\":{\"@id\":\"https:\/\/dtifoundation.com\/es\/conferencia-internacional-de-iniciativas-sobre-donacion-y-trasplante-de-organos-y-tejidos\/#breadcrumb\"},\"inLanguage\":\"es\",\"potentialAction\":[{\"@type\":\"ReadAction\",\"target\":[\"https:\/\/dtifoundation.com\/es\/conferencia-internacional-de-iniciativas-sobre-donacion-y-trasplante-de-organos-y-tejidos\/\"]}]},{\"@type\":\"ImageObject\",\"inLanguage\":\"es\",\"@id\":\"https:\/\/dtifoundation.com\/es\/conferencia-internacional-de-iniciativas-sobre-donacion-y-trasplante-de-organos-y-tejidos\/#primaryimage\",\"url\":\"https:\/\/dtifoundation.com\/wp-content\/uploads\/2023\/02\/WhatsApp-Image-2022-11-07-at-11.12.21-1.jpeg\",\"contentUrl\":\"https:\/\/dtifoundation.com\/wp-content\/uploads\/2023\/02\/WhatsApp-Image-2022-11-07-at-11.12.21-1.jpeg\",\"width\":1600,\"height\":1200},{\"@type\":\"BreadcrumbList\",\"@id\":\"https:\/\/dtifoundation.com\/es\/conferencia-internacional-de-iniciativas-sobre-donacion-y-trasplante-de-organos-y-tejidos\/#breadcrumb\",\"itemListElement\":[{\"@type\":\"ListItem\",\"position\":1,\"name\":\"Home\",\"item\":\"https:\/\/dtifoundation.com\/es\/\"},{\"@type\":\"ListItem\",\"position\":2,\"name\":\"Conferencia Internacional de Iniciativas sobre Donaci\u00f3n y Trasplante de \u00d3rganos y Tejidos\"}]},{\"@type\":\"WebSite\",\"@id\":\"https:\/\/dtifoundation.com\/#website\",\"url\":\"https:\/\/dtifoundation.com\/\",\"name\":\"TPM - DTI Foundation\",\"description\":\"\",\"potentialAction\":[{\"@type\":\"SearchAction\",\"target\":{\"@type\":\"EntryPoint\",\"urlTemplate\":\"https:\/\/dtifoundation.com\/?s={search_term_string}\"},\"query-input\":{\"@type\":\"PropertyValueSpecification\",\"valueRequired\":true,\"valueName\":\"search_term_string\"}}],\"inLanguage\":\"es\"},{\"@type\":\"Person\",\"@id\":\"https:\/\/dtifoundation.com\/#\/schema\/person\/f692c11e68e0b3ced9d7056273b19eda\",\"name\":\"DTI Foundation\",\"image\":{\"@type\":\"ImageObject\",\"inLanguage\":\"es\",\"@id\":\"https:\/\/dtifoundation.com\/#\/schema\/person\/image\/\",\"url\":\"https:\/\/secure.gravatar.com\/avatar\/c3b61ffa550c02e978b7bd68f0afa9a39af9a6f13fe39949e7f8da4aab75245c?s=96&d=mm&r=g\",\"contentUrl\":\"https:\/\/secure.gravatar.com\/avatar\/c3b61ffa550c02e978b7bd68f0afa9a39af9a6f13fe39949e7f8da4aab75245c?s=96&d=mm&r=g\",\"caption\":\"DTI Foundation\"},\"sameAs\":[\"https:\/\/dtifoundation.com\"],\"url\":\"https:\/\/dtifoundation.com\/es\/author\/allinagencyadmin\/\"}]}<\/script>\n<!-- \/ Yoast SEO plugin. -->","yoast_head_json":{"title":"Conferencia Internacional de Iniciativas sobre Donaci\u00f3n y Trasplante de \u00d3rganos y Tejidos | DTI Foundation | Donation &amp; Transplantation Institute","description":"Fundaci\u00f3n DTI particip\u00f3 en laConferencia Internacional de Iniciativas sobre Donaci\u00f3n y Trasplante de \u00d3rganos y Tejidos en Abu Dhabi. Durante el congreso,","robots":{"index":"index","follow":"follow","max-snippet":"max-snippet:-1","max-image-preview":"max-image-preview:large","max-video-preview":"max-video-preview:-1"},"canonical":"https:\/\/dtifoundation.com\/es\/conferencia-internacional-de-iniciativas-sobre-donacion-y-trasplante-de-organos-y-tejidos\/","og_locale":"es_ES","og_type":"article","og_title":"Conferencia Internacional de Iniciativas sobre Donaci\u00f3n y Trasplante de \u00d3rganos y Tejidos | DTI Foundation | Donation &amp; Transplantation Institute","og_description":"Fundaci\u00f3n DTI particip\u00f3 en laConferencia Internacional de Iniciativas sobre Donaci\u00f3n y Trasplante de \u00d3rganos y Tejidos en Abu Dhabi. Durante el congreso,","og_url":"https:\/\/dtifoundation.com\/es\/conferencia-internacional-de-iniciativas-sobre-donacion-y-trasplante-de-organos-y-tejidos\/","og_site_name":"DTI Foundation | Donation &amp; Transplantation Institute","article_published_time":"2022-11-10T09:52:00+00:00","article_modified_time":"2024-02-27T15:06:55+00:00","og_image":[{"width":1600,"height":1200,"url":"https:\/\/dtifoundation.com\/wp-content\/uploads\/2023\/02\/WhatsApp-Image-2022-11-07-at-11.12.21-1.jpeg","type":"image\/jpeg"}],"author":"DTI Foundation","twitter_card":"summary_large_image","twitter_misc":{"Escrito por":"DTI Foundation","Tiempo de lectura":"1 minuto"},"schema":{"@context":"https:\/\/schema.org","@graph":[{"@type":"ScholarlyArticle","@id":"https:\/\/dtifoundation.com\/es\/conferencia-internacional-de-iniciativas-sobre-donacion-y-trasplante-de-organos-y-tejidos\/#article","isPartOf":{"@id":"https:\/\/dtifoundation.com\/es\/conferencia-internacional-de-iniciativas-sobre-donacion-y-trasplante-de-organos-y-tejidos\/"},"author":{"name":"DTI Foundation","@id":"https:\/\/dtifoundation.com\/#\/schema\/person\/f692c11e68e0b3ced9d7056273b19eda"},"headline":"Conferencia Internacional de Iniciativas sobre Donaci\u00f3n y Trasplante de \u00d3rganos y Tejidos","datePublished":"2022-11-10T09:52:00+00:00","dateModified":"2024-02-27T15:06:55+00:00","mainEntityOfPage":{"@id":"https:\/\/dtifoundation.com\/es\/conferencia-internacional-de-iniciativas-sobre-donacion-y-trasplante-de-organos-y-tejidos\/"},"wordCount":168,"commentCount":0,"image":{"@id":"https:\/\/dtifoundation.com\/es\/conferencia-internacional-de-iniciativas-sobre-donacion-y-trasplante-de-organos-y-tejidos\/#primaryimage"},"thumbnailUrl":"https:\/\/dtifoundation.com\/wp-content\/uploads\/2023\/02\/WhatsApp-Image-2022-11-07-at-11.12.21-1.jpeg","articleSection":["Events","Webinars"],"inLanguage":"es","potentialAction":[{"@type":"CommentAction","name":"Comment","target":["https:\/\/dtifoundation.com\/es\/conferencia-internacional-de-iniciativas-sobre-donacion-y-trasplante-de-organos-y-tejidos\/#respond"]}]},{"@type":["WebPage","MedicalWebPage"],"@id":"https:\/\/dtifoundation.com\/es\/conferencia-internacional-de-iniciativas-sobre-donacion-y-trasplante-de-organos-y-tejidos\/","url":"https:\/\/dtifoundation.com\/es\/conferencia-internacional-de-iniciativas-sobre-donacion-y-trasplante-de-organos-y-tejidos\/","name":"Conferencia Internacional de Iniciativas sobre Donaci\u00f3n y Trasplante de \u00d3rganos y Tejidos | DTI Foundation | Donation &amp; Transplantation Institute","isPartOf":{"@id":"https:\/\/dtifoundation.com\/#website"},"primaryImageOfPage":{"@id":"https:\/\/dtifoundation.com\/es\/conferencia-internacional-de-iniciativas-sobre-donacion-y-trasplante-de-organos-y-tejidos\/#primaryimage"},"image":{"@id":"https:\/\/dtifoundation.com\/es\/conferencia-internacional-de-iniciativas-sobre-donacion-y-trasplante-de-organos-y-tejidos\/#primaryimage"},"thumbnailUrl":"https:\/\/dtifoundation.com\/wp-content\/uploads\/2023\/02\/WhatsApp-Image-2022-11-07-at-11.12.21-1.jpeg","datePublished":"2022-11-10T09:52:00+00:00","dateModified":"2024-02-27T15:06:55+00:00","author":{"@id":"https:\/\/dtifoundation.com\/#\/schema\/person\/f692c11e68e0b3ced9d7056273b19eda"},"description":"Fundaci\u00f3n DTI particip\u00f3 en laConferencia Internacional de Iniciativas sobre Donaci\u00f3n y Trasplante de \u00d3rganos y Tejidos en Abu Dhabi. Durante el congreso,","breadcrumb":{"@id":"https:\/\/dtifoundation.com\/es\/conferencia-internacional-de-iniciativas-sobre-donacion-y-trasplante-de-organos-y-tejidos\/#breadcrumb"},"inLanguage":"es","potentialAction":[{"@type":"ReadAction","target":["https:\/\/dtifoundation.com\/es\/conferencia-internacional-de-iniciativas-sobre-donacion-y-trasplante-de-organos-y-tejidos\/"]}]},{"@type":"ImageObject","inLanguage":"es","@id":"https:\/\/dtifoundation.com\/es\/conferencia-internacional-de-iniciativas-sobre-donacion-y-trasplante-de-organos-y-tejidos\/#primaryimage","url":"https:\/\/dtifoundation.com\/wp-content\/uploads\/2023\/02\/WhatsApp-Image-2022-11-07-at-11.12.21-1.jpeg","contentUrl":"https:\/\/dtifoundation.com\/wp-content\/uploads\/2023\/02\/WhatsApp-Image-2022-11-07-at-11.12.21-1.jpeg","width":1600,"height":1200},{"@type":"BreadcrumbList","@id":"https:\/\/dtifoundation.com\/es\/conferencia-internacional-de-iniciativas-sobre-donacion-y-trasplante-de-organos-y-tejidos\/#breadcrumb","itemListElement":[{"@type":"ListItem","position":1,"name":"Home","item":"https:\/\/dtifoundation.com\/es\/"},{"@type":"ListItem","position":2,"name":"Conferencia Internacional de Iniciativas sobre Donaci\u00f3n y Trasplante de \u00d3rganos y Tejidos"}]},{"@type":"WebSite","@id":"https:\/\/dtifoundation.com\/#website","url":"https:\/\/dtifoundation.com\/","name":"TPM - DTI Foundation","description":"","potentialAction":[{"@type":"SearchAction","target":{"@type":"EntryPoint","urlTemplate":"https:\/\/dtifoundation.com\/?s={search_term_string}"},"query-input":{"@type":"PropertyValueSpecification","valueRequired":true,"valueName":"search_term_string"}}],"inLanguage":"es"},{"@type":"Person","@id":"https:\/\/dtifoundation.com\/#\/schema\/person\/f692c11e68e0b3ced9d7056273b19eda","name":"DTI Foundation","image":{"@type":"ImageObject","inLanguage":"es","@id":"https:\/\/dtifoundation.com\/#\/schema\/person\/image\/","url":"https:\/\/secure.gravatar.com\/avatar\/c3b61ffa550c02e978b7bd68f0afa9a39af9a6f13fe39949e7f8da4aab75245c?s=96&d=mm&r=g","contentUrl":"https:\/\/secure.gravatar.com\/avatar\/c3b61ffa550c02e978b7bd68f0afa9a39af9a6f13fe39949e7f8da4aab75245c?s=96&d=mm&r=g","caption":"DTI Foundation"},"sameAs":["https:\/\/dtifoundation.com"],"url":"https:\/\/dtifoundation.com\/es\/author\/allinagencyadmin\/"}]}},"_links":{"self":[{"href":"https:\/\/dtifoundation.com\/es\/wp-json\/wp\/v2\/posts\/13178","targetHints":{"allow":["GET"]}}],"collection":[{"href":"https:\/\/dtifoundation.com\/es\/wp-json\/wp\/v2\/posts"}],"about":[{"href":"https:\/\/dtifoundation.com\/es\/wp-json\/wp\/v2\/types\/post"}],"author":[{"embeddable":true,"href":"https:\/\/dtifoundation.com\/es\/wp-json\/wp\/v2\/users\/1"}],"replies":[{"embeddable":true,"href":"https:\/\/dtifoundation.com\/es\/wp-json\/wp\/v2\/comments?post=13178"}],"version-history":[{"count":0,"href":"https:\/\/dtifoundation.com\/es\/wp-json\/wp\/v2\/posts\/13178\/revisions"}],"wp:featuredmedia":[{"embeddable":true,"href":"https:\/\/dtifoundation.com\/es\/wp-json\/wp\/v2\/media\/4444"}],"wp:attachment":[{"href":"https:\/\/dtifoundation.com\/es\/wp-json\/wp\/v2\/media?parent=13178"}],"wp:term":[{"taxonomy":"category","embeddable":true,"href":"https:\/\/dtifoundation.com\/es\/wp-json\/wp\/v2\/categories?post=13178"},{"taxonomy":"post_tag","embeddable":true,"href":"https:\/\/dtifoundation.com\/es\/wp-json\/wp\/v2\/tags?post=13178"}],"curies":[{"name":"wp","href":"https:\/\/api.w.org\/{rel}","templated":true}]}}