{"id":13160,"date":"2022-07-29T12:43:00","date_gmt":"2022-07-29T12:43:00","guid":{"rendered":"https:\/\/dtifoundation.com\/programa-de-proyectos-de-capacitacion-en-cooperacion-para-la-mejora-de-la-capacidad-de-donacion-de-organos-de-la-franja-y-la-ruta\/"},"modified":"2024-02-27T13:34:50","modified_gmt":"2024-02-27T13:34:50","slug":"programa-de-proyectos-de-capacitacion-en-cooperacion-para-la-mejora-de-la-capacidad-de-donacion-de-organos-de-la-franja-y-la-ruta","status":"publish","type":"post","link":"https:\/\/dtifoundation.com\/es\/programa-de-proyectos-de-capacitacion-en-cooperacion-para-la-mejora-de-la-capacidad-de-donacion-de-organos-de-la-franja-y-la-ruta\/","title":{"rendered":"Programa de proyectos de capacitaci\u00f3n en cooperaci\u00f3n para la mejora de la capacidad de donaci\u00f3n de \u00f3rganos de la Franja y la Ruta"},"content":{"rendered":"\n<p>El Programa del Proyecto de Capacitaci\u00f3n en Cooperaci\u00f3n para la Mejora de la Capacidad de Donaci\u00f3n de \u00d3rganos de la Franja y la Ruta fue coorganizado por el DTI y el COTDF. La cuarta edici\u00f3n de la capacitaci\u00f3n se llev\u00f3 a cabo del 26 al 28 de julio. En el programa participaron un total de 67 profesionales sanitarios de 11 pa\u00edses diferentes.<\/p>\n\n<p>Los participantes conocieron la situaci\u00f3n actual de la donaci\u00f3n y el trasplante de \u00f3rganos en China para iniciar el programa seguido de la introducci\u00f3n de modelos entre los pa\u00edses con mayor tasa de donaci\u00f3n del mundo como Espa\u00f1a, EE.UU., Brasil e Ir\u00e1n. Se les inform\u00f3 sobre los principales aspectos del proceso de obtenci\u00f3n de \u00f3rganos: detecci\u00f3n de donantes, diagn\u00f3stico de muerte encef\u00e1lica, gesti\u00f3n de donantes y abordaje familiar. La capacitaci\u00f3n se complement\u00f3 con talleres que permitieron a los participantes involucrarse de manera interactiva para fortalecer los conceptos aprendidos.<\/p>\n\n<p>El programa utiliz\u00f3 una modalidad online interactiva y din\u00e1mica que consisti\u00f3 en mesas redondas, presentaci\u00f3n de casos cl\u00ednicos, juegos e interacci\u00f3n en grupos de trabajo.<\/p>\n\n<figure class=\"wp-block-gallery columns-1 is-cropped wp-block-gallery-1 is-layout-flex wp-block-gallery-is-layout-flex\"><ul class=\"blocks-gallery-grid\"><li class=\"blocks-gallery-item\"><figure><img decoding=\"async\" src=\"http:\/\/dtifoundation.com\/wp-content\/uploads\/2023\/02\/4th-BROAOD-1024x584.png\" alt=\"\" data-id=\"12286\" data-full-url=\"http:\/\/dtifoundation.com\/wp-content\/uploads\/2023\/02\/4th-BROAOD.png\" data-link=\"https:\/\/tpm-dti.com\/es\/belt-road-organ-donation-capacity-improvement-cooperation-training-project-program\/4th-broaod\/\" class=\"wp-image-12286\"\/><\/figure><\/li><\/ul><\/figure>\n","protected":false},"excerpt":{"rendered":"<p>El Programa del Proyecto de Capacitaci\u00f3n en Cooperaci\u00f3n para la Mejora de la Capacidad de Donaci\u00f3n de \u00d3rganos de la [&hellip;]<\/p>\n","protected":false},"author":1,"featured_media":4356,"comment_status":"open","ping_status":"closed","sticky":false,"template":"","format":"standard","meta":{"_acf_changed":false,"footnotes":""},"categories":[172],"tags":[],"class_list":["post-13160","post","type-post","status-publish","format-standard","has-post-thumbnail","hentry","category-webinars-es"],"acf":[],"yoast_head":"<!-- This site is optimized with the Yoast SEO plugin v26.9 - https:\/\/yoast.com\/product\/yoast-seo-wordpress\/ -->\n<title>Programa de proyectos de capacitaci\u00f3n en cooperaci\u00f3n para la mejora de la capacidad de donaci\u00f3n de \u00f3rganos de la Franja y la Ruta | DTI Foundation | Donation &amp; Transplantation Institute<\/title>\n<meta name=\"description\" content=\"El Programa del Proyecto de Capacitaci\u00f3n en Cooperaci\u00f3n para la Mejora de la Capacidad de Donaci\u00f3n de \u00d3rganos de la Franja y la Ruta fue coorganizado por\" \/>\n<meta name=\"robots\" content=\"index, follow, max-snippet:-1, max-image-preview:large, max-video-preview:-1\" \/>\n<link rel=\"canonical\" href=\"https:\/\/dtifoundation.com\/es\/programa-de-proyectos-de-capacitacion-en-cooperacion-para-la-mejora-de-la-capacidad-de-donacion-de-organos-de-la-franja-y-la-ruta\/\" \/>\n<meta property=\"og:locale\" content=\"es_ES\" \/>\n<meta property=\"og:type\" content=\"article\" \/>\n<meta property=\"og:title\" content=\"Programa de proyectos de capacitaci\u00f3n en cooperaci\u00f3n para la mejora de la capacidad de donaci\u00f3n de \u00f3rganos de la Franja y la Ruta | DTI Foundation | Donation &amp; Transplantation Institute\" \/>\n<meta property=\"og:description\" content=\"El Programa del Proyecto de Capacitaci\u00f3n en Cooperaci\u00f3n para la Mejora de la Capacidad de Donaci\u00f3n de \u00d3rganos de la Franja y la Ruta fue coorganizado por\" \/>\n<meta property=\"og:url\" content=\"https:\/\/dtifoundation.com\/es\/programa-de-proyectos-de-capacitacion-en-cooperacion-para-la-mejora-de-la-capacidad-de-donacion-de-organos-de-la-franja-y-la-ruta\/\" \/>\n<meta property=\"og:site_name\" content=\"DTI Foundation | Donation &amp; Transplantation Institute\" \/>\n<meta property=\"article:published_time\" content=\"2022-07-29T12:43:00+00:00\" \/>\n<meta property=\"article:modified_time\" content=\"2024-02-27T13:34:50+00:00\" \/>\n<meta property=\"og:image\" content=\"https:\/\/dtifoundation.com\/wp-content\/uploads\/2023\/02\/2.png\" \/>\n\t<meta property=\"og:image:width\" content=\"1583\" \/>\n\t<meta property=\"og:image:height\" content=\"906\" \/>\n\t<meta property=\"og:image:type\" content=\"image\/png\" \/>\n<meta name=\"author\" content=\"DTI Foundation\" \/>\n<meta name=\"twitter:card\" content=\"summary_large_image\" \/>\n<meta name=\"twitter:label1\" content=\"Escrito por\" \/>\n\t<meta name=\"twitter:data1\" content=\"DTI Foundation\" \/>\n\t<meta name=\"twitter:label2\" content=\"Tiempo de lectura\" \/>\n\t<meta name=\"twitter:data2\" content=\"1 minuto\" \/>\n<script type=\"application\/ld+json\" class=\"yoast-schema-graph\">{\"@context\":\"https:\/\/schema.org\",\"@graph\":[{\"@type\":\"ScholarlyArticle\",\"@id\":\"https:\/\/dtifoundation.com\/es\/programa-de-proyectos-de-capacitacion-en-cooperacion-para-la-mejora-de-la-capacidad-de-donacion-de-organos-de-la-franja-y-la-ruta\/#article\",\"isPartOf\":{\"@id\":\"https:\/\/dtifoundation.com\/es\/programa-de-proyectos-de-capacitacion-en-cooperacion-para-la-mejora-de-la-capacidad-de-donacion-de-organos-de-la-franja-y-la-ruta\/\"},\"author\":{\"name\":\"DTI Foundation\",\"@id\":\"https:\/\/dtifoundation.com\/#\/schema\/person\/f692c11e68e0b3ced9d7056273b19eda\"},\"headline\":\"Programa de proyectos de capacitaci\u00f3n en cooperaci\u00f3n para la mejora de la capacidad de donaci\u00f3n de \u00f3rganos de la Franja y la Ruta\",\"datePublished\":\"2022-07-29T12:43:00+00:00\",\"dateModified\":\"2024-02-27T13:34:50+00:00\",\"mainEntityOfPage\":{\"@id\":\"https:\/\/dtifoundation.com\/es\/programa-de-proyectos-de-capacitacion-en-cooperacion-para-la-mejora-de-la-capacidad-de-donacion-de-organos-de-la-franja-y-la-ruta\/\"},\"wordCount\":221,\"commentCount\":0,\"image\":{\"@id\":\"https:\/\/dtifoundation.com\/es\/programa-de-proyectos-de-capacitacion-en-cooperacion-para-la-mejora-de-la-capacidad-de-donacion-de-organos-de-la-franja-y-la-ruta\/#primaryimage\"},\"thumbnailUrl\":\"https:\/\/dtifoundation.com\/wp-content\/uploads\/2023\/02\/2.png\",\"articleSection\":[\"Webinars\"],\"inLanguage\":\"es\",\"potentialAction\":[{\"@type\":\"CommentAction\",\"name\":\"Comment\",\"target\":[\"https:\/\/dtifoundation.com\/es\/programa-de-proyectos-de-capacitacion-en-cooperacion-para-la-mejora-de-la-capacidad-de-donacion-de-organos-de-la-franja-y-la-ruta\/#respond\"]}]},{\"@type\":[\"WebPage\",\"MedicalWebPage\"],\"@id\":\"https:\/\/dtifoundation.com\/es\/programa-de-proyectos-de-capacitacion-en-cooperacion-para-la-mejora-de-la-capacidad-de-donacion-de-organos-de-la-franja-y-la-ruta\/\",\"url\":\"https:\/\/dtifoundation.com\/es\/programa-de-proyectos-de-capacitacion-en-cooperacion-para-la-mejora-de-la-capacidad-de-donacion-de-organos-de-la-franja-y-la-ruta\/\",\"name\":\"Programa de proyectos de capacitaci\u00f3n en cooperaci\u00f3n para la mejora de la capacidad de donaci\u00f3n de \u00f3rganos de la Franja y la Ruta | DTI Foundation | Donation &amp; Transplantation Institute\",\"isPartOf\":{\"@id\":\"https:\/\/dtifoundation.com\/#website\"},\"primaryImageOfPage\":{\"@id\":\"https:\/\/dtifoundation.com\/es\/programa-de-proyectos-de-capacitacion-en-cooperacion-para-la-mejora-de-la-capacidad-de-donacion-de-organos-de-la-franja-y-la-ruta\/#primaryimage\"},\"image\":{\"@id\":\"https:\/\/dtifoundation.com\/es\/programa-de-proyectos-de-capacitacion-en-cooperacion-para-la-mejora-de-la-capacidad-de-donacion-de-organos-de-la-franja-y-la-ruta\/#primaryimage\"},\"thumbnailUrl\":\"https:\/\/dtifoundation.com\/wp-content\/uploads\/2023\/02\/2.png\",\"datePublished\":\"2022-07-29T12:43:00+00:00\",\"dateModified\":\"2024-02-27T13:34:50+00:00\",\"author\":{\"@id\":\"https:\/\/dtifoundation.com\/#\/schema\/person\/f692c11e68e0b3ced9d7056273b19eda\"},\"description\":\"El Programa del Proyecto de Capacitaci\u00f3n en Cooperaci\u00f3n para la Mejora de la Capacidad de Donaci\u00f3n de \u00d3rganos de la Franja y la Ruta fue coorganizado por\",\"breadcrumb\":{\"@id\":\"https:\/\/dtifoundation.com\/es\/programa-de-proyectos-de-capacitacion-en-cooperacion-para-la-mejora-de-la-capacidad-de-donacion-de-organos-de-la-franja-y-la-ruta\/#breadcrumb\"},\"inLanguage\":\"es\",\"potentialAction\":[{\"@type\":\"ReadAction\",\"target\":[\"https:\/\/dtifoundation.com\/es\/programa-de-proyectos-de-capacitacion-en-cooperacion-para-la-mejora-de-la-capacidad-de-donacion-de-organos-de-la-franja-y-la-ruta\/\"]}]},{\"@type\":\"ImageObject\",\"inLanguage\":\"es\",\"@id\":\"https:\/\/dtifoundation.com\/es\/programa-de-proyectos-de-capacitacion-en-cooperacion-para-la-mejora-de-la-capacidad-de-donacion-de-organos-de-la-franja-y-la-ruta\/#primaryimage\",\"url\":\"https:\/\/dtifoundation.com\/wp-content\/uploads\/2023\/02\/2.png\",\"contentUrl\":\"https:\/\/dtifoundation.com\/wp-content\/uploads\/2023\/02\/2.png\",\"width\":1583,\"height\":906},{\"@type\":\"BreadcrumbList\",\"@id\":\"https:\/\/dtifoundation.com\/es\/programa-de-proyectos-de-capacitacion-en-cooperacion-para-la-mejora-de-la-capacidad-de-donacion-de-organos-de-la-franja-y-la-ruta\/#breadcrumb\",\"itemListElement\":[{\"@type\":\"ListItem\",\"position\":1,\"name\":\"Home\",\"item\":\"https:\/\/dtifoundation.com\/es\/\"},{\"@type\":\"ListItem\",\"position\":2,\"name\":\"Programa de proyectos de capacitaci\u00f3n en cooperaci\u00f3n para la mejora de la capacidad de donaci\u00f3n de \u00f3rganos de la Franja y la Ruta\"}]},{\"@type\":\"WebSite\",\"@id\":\"https:\/\/dtifoundation.com\/#website\",\"url\":\"https:\/\/dtifoundation.com\/\",\"name\":\"TPM - DTI Foundation\",\"description\":\"\",\"potentialAction\":[{\"@type\":\"SearchAction\",\"target\":{\"@type\":\"EntryPoint\",\"urlTemplate\":\"https:\/\/dtifoundation.com\/?s={search_term_string}\"},\"query-input\":{\"@type\":\"PropertyValueSpecification\",\"valueRequired\":true,\"valueName\":\"search_term_string\"}}],\"inLanguage\":\"es\"},{\"@type\":\"Person\",\"@id\":\"https:\/\/dtifoundation.com\/#\/schema\/person\/f692c11e68e0b3ced9d7056273b19eda\",\"name\":\"DTI Foundation\",\"image\":{\"@type\":\"ImageObject\",\"inLanguage\":\"es\",\"@id\":\"https:\/\/dtifoundation.com\/#\/schema\/person\/image\/\",\"url\":\"https:\/\/secure.gravatar.com\/avatar\/c3b61ffa550c02e978b7bd68f0afa9a39af9a6f13fe39949e7f8da4aab75245c?s=96&d=mm&r=g\",\"contentUrl\":\"https:\/\/secure.gravatar.com\/avatar\/c3b61ffa550c02e978b7bd68f0afa9a39af9a6f13fe39949e7f8da4aab75245c?s=96&d=mm&r=g\",\"caption\":\"DTI Foundation\"},\"sameAs\":[\"https:\/\/dtifoundation.com\"],\"url\":\"https:\/\/dtifoundation.com\/es\/author\/allinagencyadmin\/\"}]}<\/script>\n<!-- \/ Yoast SEO plugin. -->","yoast_head_json":{"title":"Programa de proyectos de capacitaci\u00f3n en cooperaci\u00f3n para la mejora de la capacidad de donaci\u00f3n de \u00f3rganos de la Franja y la Ruta | DTI Foundation | Donation &amp; Transplantation Institute","description":"El Programa del Proyecto de Capacitaci\u00f3n en Cooperaci\u00f3n para la Mejora de la Capacidad de Donaci\u00f3n de \u00d3rganos de la Franja y la Ruta fue coorganizado por","robots":{"index":"index","follow":"follow","max-snippet":"max-snippet:-1","max-image-preview":"max-image-preview:large","max-video-preview":"max-video-preview:-1"},"canonical":"https:\/\/dtifoundation.com\/es\/programa-de-proyectos-de-capacitacion-en-cooperacion-para-la-mejora-de-la-capacidad-de-donacion-de-organos-de-la-franja-y-la-ruta\/","og_locale":"es_ES","og_type":"article","og_title":"Programa de proyectos de capacitaci\u00f3n en cooperaci\u00f3n para la mejora de la capacidad de donaci\u00f3n de \u00f3rganos de la Franja y la Ruta | DTI Foundation | Donation &amp; Transplantation Institute","og_description":"El Programa del Proyecto de Capacitaci\u00f3n en Cooperaci\u00f3n para la Mejora de la Capacidad de Donaci\u00f3n de \u00d3rganos de la Franja y la Ruta fue coorganizado por","og_url":"https:\/\/dtifoundation.com\/es\/programa-de-proyectos-de-capacitacion-en-cooperacion-para-la-mejora-de-la-capacidad-de-donacion-de-organos-de-la-franja-y-la-ruta\/","og_site_name":"DTI Foundation | Donation &amp; Transplantation Institute","article_published_time":"2022-07-29T12:43:00+00:00","article_modified_time":"2024-02-27T13:34:50+00:00","og_image":[{"width":1583,"height":906,"url":"https:\/\/dtifoundation.com\/wp-content\/uploads\/2023\/02\/2.png","type":"image\/png"}],"author":"DTI Foundation","twitter_card":"summary_large_image","twitter_misc":{"Escrito por":"DTI Foundation","Tiempo de lectura":"1 minuto"},"schema":{"@context":"https:\/\/schema.org","@graph":[{"@type":"ScholarlyArticle","@id":"https:\/\/dtifoundation.com\/es\/programa-de-proyectos-de-capacitacion-en-cooperacion-para-la-mejora-de-la-capacidad-de-donacion-de-organos-de-la-franja-y-la-ruta\/#article","isPartOf":{"@id":"https:\/\/dtifoundation.com\/es\/programa-de-proyectos-de-capacitacion-en-cooperacion-para-la-mejora-de-la-capacidad-de-donacion-de-organos-de-la-franja-y-la-ruta\/"},"author":{"name":"DTI Foundation","@id":"https:\/\/dtifoundation.com\/#\/schema\/person\/f692c11e68e0b3ced9d7056273b19eda"},"headline":"Programa de proyectos de capacitaci\u00f3n en cooperaci\u00f3n para la mejora de la capacidad de donaci\u00f3n de \u00f3rganos de la Franja y la Ruta","datePublished":"2022-07-29T12:43:00+00:00","dateModified":"2024-02-27T13:34:50+00:00","mainEntityOfPage":{"@id":"https:\/\/dtifoundation.com\/es\/programa-de-proyectos-de-capacitacion-en-cooperacion-para-la-mejora-de-la-capacidad-de-donacion-de-organos-de-la-franja-y-la-ruta\/"},"wordCount":221,"commentCount":0,"image":{"@id":"https:\/\/dtifoundation.com\/es\/programa-de-proyectos-de-capacitacion-en-cooperacion-para-la-mejora-de-la-capacidad-de-donacion-de-organos-de-la-franja-y-la-ruta\/#primaryimage"},"thumbnailUrl":"https:\/\/dtifoundation.com\/wp-content\/uploads\/2023\/02\/2.png","articleSection":["Webinars"],"inLanguage":"es","potentialAction":[{"@type":"CommentAction","name":"Comment","target":["https:\/\/dtifoundation.com\/es\/programa-de-proyectos-de-capacitacion-en-cooperacion-para-la-mejora-de-la-capacidad-de-donacion-de-organos-de-la-franja-y-la-ruta\/#respond"]}]},{"@type":["WebPage","MedicalWebPage"],"@id":"https:\/\/dtifoundation.com\/es\/programa-de-proyectos-de-capacitacion-en-cooperacion-para-la-mejora-de-la-capacidad-de-donacion-de-organos-de-la-franja-y-la-ruta\/","url":"https:\/\/dtifoundation.com\/es\/programa-de-proyectos-de-capacitacion-en-cooperacion-para-la-mejora-de-la-capacidad-de-donacion-de-organos-de-la-franja-y-la-ruta\/","name":"Programa de proyectos de capacitaci\u00f3n en cooperaci\u00f3n para la mejora de la capacidad de donaci\u00f3n de \u00f3rganos de la Franja y la Ruta | DTI Foundation | Donation &amp; Transplantation Institute","isPartOf":{"@id":"https:\/\/dtifoundation.com\/#website"},"primaryImageOfPage":{"@id":"https:\/\/dtifoundation.com\/es\/programa-de-proyectos-de-capacitacion-en-cooperacion-para-la-mejora-de-la-capacidad-de-donacion-de-organos-de-la-franja-y-la-ruta\/#primaryimage"},"image":{"@id":"https:\/\/dtifoundation.com\/es\/programa-de-proyectos-de-capacitacion-en-cooperacion-para-la-mejora-de-la-capacidad-de-donacion-de-organos-de-la-franja-y-la-ruta\/#primaryimage"},"thumbnailUrl":"https:\/\/dtifoundation.com\/wp-content\/uploads\/2023\/02\/2.png","datePublished":"2022-07-29T12:43:00+00:00","dateModified":"2024-02-27T13:34:50+00:00","author":{"@id":"https:\/\/dtifoundation.com\/#\/schema\/person\/f692c11e68e0b3ced9d7056273b19eda"},"description":"El Programa del Proyecto de Capacitaci\u00f3n en Cooperaci\u00f3n para la Mejora de la Capacidad de Donaci\u00f3n de \u00d3rganos de la Franja y la Ruta fue coorganizado por","breadcrumb":{"@id":"https:\/\/dtifoundation.com\/es\/programa-de-proyectos-de-capacitacion-en-cooperacion-para-la-mejora-de-la-capacidad-de-donacion-de-organos-de-la-franja-y-la-ruta\/#breadcrumb"},"inLanguage":"es","potentialAction":[{"@type":"ReadAction","target":["https:\/\/dtifoundation.com\/es\/programa-de-proyectos-de-capacitacion-en-cooperacion-para-la-mejora-de-la-capacidad-de-donacion-de-organos-de-la-franja-y-la-ruta\/"]}]},{"@type":"ImageObject","inLanguage":"es","@id":"https:\/\/dtifoundation.com\/es\/programa-de-proyectos-de-capacitacion-en-cooperacion-para-la-mejora-de-la-capacidad-de-donacion-de-organos-de-la-franja-y-la-ruta\/#primaryimage","url":"https:\/\/dtifoundation.com\/wp-content\/uploads\/2023\/02\/2.png","contentUrl":"https:\/\/dtifoundation.com\/wp-content\/uploads\/2023\/02\/2.png","width":1583,"height":906},{"@type":"BreadcrumbList","@id":"https:\/\/dtifoundation.com\/es\/programa-de-proyectos-de-capacitacion-en-cooperacion-para-la-mejora-de-la-capacidad-de-donacion-de-organos-de-la-franja-y-la-ruta\/#breadcrumb","itemListElement":[{"@type":"ListItem","position":1,"name":"Home","item":"https:\/\/dtifoundation.com\/es\/"},{"@type":"ListItem","position":2,"name":"Programa de proyectos de capacitaci\u00f3n en cooperaci\u00f3n para la mejora de la capacidad de donaci\u00f3n de \u00f3rganos de la Franja y la Ruta"}]},{"@type":"WebSite","@id":"https:\/\/dtifoundation.com\/#website","url":"https:\/\/dtifoundation.com\/","name":"TPM - DTI Foundation","description":"","potentialAction":[{"@type":"SearchAction","target":{"@type":"EntryPoint","urlTemplate":"https:\/\/dtifoundation.com\/?s={search_term_string}"},"query-input":{"@type":"PropertyValueSpecification","valueRequired":true,"valueName":"search_term_string"}}],"inLanguage":"es"},{"@type":"Person","@id":"https:\/\/dtifoundation.com\/#\/schema\/person\/f692c11e68e0b3ced9d7056273b19eda","name":"DTI Foundation","image":{"@type":"ImageObject","inLanguage":"es","@id":"https:\/\/dtifoundation.com\/#\/schema\/person\/image\/","url":"https:\/\/secure.gravatar.com\/avatar\/c3b61ffa550c02e978b7bd68f0afa9a39af9a6f13fe39949e7f8da4aab75245c?s=96&d=mm&r=g","contentUrl":"https:\/\/secure.gravatar.com\/avatar\/c3b61ffa550c02e978b7bd68f0afa9a39af9a6f13fe39949e7f8da4aab75245c?s=96&d=mm&r=g","caption":"DTI Foundation"},"sameAs":["https:\/\/dtifoundation.com"],"url":"https:\/\/dtifoundation.com\/es\/author\/allinagencyadmin\/"}]}},"_links":{"self":[{"href":"https:\/\/dtifoundation.com\/es\/wp-json\/wp\/v2\/posts\/13160","targetHints":{"allow":["GET"]}}],"collection":[{"href":"https:\/\/dtifoundation.com\/es\/wp-json\/wp\/v2\/posts"}],"about":[{"href":"https:\/\/dtifoundation.com\/es\/wp-json\/wp\/v2\/types\/post"}],"author":[{"embeddable":true,"href":"https:\/\/dtifoundation.com\/es\/wp-json\/wp\/v2\/users\/1"}],"replies":[{"embeddable":true,"href":"https:\/\/dtifoundation.com\/es\/wp-json\/wp\/v2\/comments?post=13160"}],"version-history":[{"count":0,"href":"https:\/\/dtifoundation.com\/es\/wp-json\/wp\/v2\/posts\/13160\/revisions"}],"wp:featuredmedia":[{"embeddable":true,"href":"https:\/\/dtifoundation.com\/es\/wp-json\/wp\/v2\/media\/4356"}],"wp:attachment":[{"href":"https:\/\/dtifoundation.com\/es\/wp-json\/wp\/v2\/media?parent=13160"}],"wp:term":[{"taxonomy":"category","embeddable":true,"href":"https:\/\/dtifoundation.com\/es\/wp-json\/wp\/v2\/categories?post=13160"},{"taxonomy":"post_tag","embeddable":true,"href":"https:\/\/dtifoundation.com\/es\/wp-json\/wp\/v2\/tags?post=13160"}],"curies":[{"name":"wp","href":"https:\/\/api.w.org\/{rel}","templated":true}]}}