{"id":13091,"date":"2021-06-30T09:37:00","date_gmt":"2021-06-30T09:37:00","guid":{"rendered":"https:\/\/dtifoundation.com\/musica-estelar-y-publico-lleno-hacen-del-gran-concierto-benefico-un-gran-exito\/"},"modified":"2024-02-23T11:48:14","modified_gmt":"2024-02-23T11:48:14","slug":"musica-estelar-y-publico-lleno-hacen-del-gran-concierto-benefico-un-gran-exito","status":"publish","type":"post","link":"https:\/\/dtifoundation.com\/es\/musica-estelar-y-publico-lleno-hacen-del-gran-concierto-benefico-un-gran-exito\/","title":{"rendered":"M\u00fasica estelar y p\u00fablico lleno hacen del Gran Concierto Ben\u00e9fico un gran \u00e9xito"},"content":{"rendered":"\n<p>El concierto ben\u00e9fico organizado por la Fundaci\u00f3n DTI y la <strong>Fundaci\u00f3 Nen D\u00e9u el pasado 28 de junio<sup>th<\/sup> fue un gran \u00e9xito. Incluso con la pandemia de COVID y las restricciones de asientos dentro del magn\u00edfico Palau de la M\u00fasica Catalana, ambas organizaciones lograron llenar casi todos los asientos disponibles para el evento.<\/strong><\/p>\n\n<p><strong>En el concierto actuaron la Escolania de Montserrat<\/strong>,<strong> y la Orquestra Simf\u00f2nica del Vall\u00e8s con solistas de ambos coros. Al frente del grupo estuvo Xavier Puig y al \u00f3rgano lo acompa\u00f1\u00f3 \u00c1lvaro Carnicero. La Orquestra Simf\u00f2nica del Vall\u00e8s estren\u00f3 el Concierto en si bemol mayor de Georg H\u00e4ndel antes de que los grupos corales se unieran para interpretar el Magn\u00edficat de Anselm Viola y la Missa in honorem B.V.M. de Joseph Haydn. en mi bemol mayor. La actuaci\u00f3n capt\u00f3 la atenci\u00f3n del p\u00fablico durante m\u00e1s de una hora y provoc\u00f3 una gran ovaci\u00f3n al finalizar.<\/strong><\/p>\n\n<div class=\"wp-block-group\"><div class=\"wp-block-group__inner-container is-layout-flow wp-block-group-is-layout-flow\">\n<div class=\"wp-block-group\"><div class=\"wp-block-group__inner-container is-layout-flow wp-block-group-is-layout-flow\">\n<figure class=\"wp-block-gallery columns-2 is-cropped wp-block-gallery-1 is-layout-flex wp-block-gallery-is-layout-flex\"><ul class=\"blocks-gallery-grid\"><li class=\"blocks-gallery-item\"><figure><img decoding=\"async\" src=\"http:\/\/dtifoundation.com\/wp-content\/uploads\/2023\/02\/IMG_8345-scaled.jpg\" alt=\"\" data-id=\"11176\" data-full-url=\"https:\/\/tpm-dti.com\/wp-content\/uploads\/2021\/07\/IMG_8345-scaled.jpg\" data-link=\"https:\/\/tpm-dti.com\/?attachment_id=11176\" class=\"wp-image-11176\"\/><\/figure><\/li><li class=\"blocks-gallery-item\"><figure><img decoding=\"async\" src=\"http:\/\/dtifoundation.com\/wp-content\/uploads\/2023\/02\/IMG_8330-scaled.jpg\" alt=\"\" data-id=\"11173\" data-full-url=\"https:\/\/tpm-dti.com\/wp-content\/uploads\/2021\/07\/IMG_8330-scaled.jpg\" data-link=\"https:\/\/tpm-dti.com\/?attachment_id=11173\" class=\"wp-image-11173\"\/><\/figure><\/li><\/ul><\/figure>\n\n\n\n<figure class=\"wp-block-gallery columns-2 is-cropped wp-block-gallery-2 is-layout-flex wp-block-gallery-is-layout-flex\"><ul class=\"blocks-gallery-grid\"><li class=\"blocks-gallery-item\"><figure><img decoding=\"async\" src=\"http:\/\/dtifoundation.com\/wp-content\/uploads\/2023\/02\/IMG_8355-scaled.jpg\" alt=\"\" data-id=\"11185\" data-full-url=\"https:\/\/tpm-dti.com\/wp-content\/uploads\/2021\/07\/IMG_8355-scaled.jpg\" data-link=\"https:\/\/tpm-dti.com\/stellar-music-and-full-crowd-make-great-charity-concert-a-grand-success\/img_8355\/\" class=\"wp-image-11185\"\/><\/figure><\/li><li class=\"blocks-gallery-item\"><figure><img decoding=\"async\" src=\"http:\/\/dtifoundation.com\/wp-content\/uploads\/2023\/02\/IMG_8350-scaled.jpg\" alt=\"\" data-id=\"11182\" data-full-url=\"https:\/\/tpm-dti.com\/wp-content\/uploads\/2021\/07\/IMG_8350-scaled.jpg\" data-link=\"https:\/\/tpm-dti.com\/stellar-music-and-full-crowd-make-great-charity-concert-a-grand-success\/img_8350\/\" class=\"wp-image-11182\"\/><\/figure><\/li><\/ul><\/figure>\n<\/div><\/div>\n<\/div><\/div>\n\n<p>El Concierto Ben\u00e9fico estaba inicialmente previsto para 2020, pero la pandemia de COVID-19 oblig\u00f3 a retrasar el evento. La colaboraci\u00f3n entre DTI y Nen D\u00e9u Fundaci\u00f3 ten\u00eda como objetivo producir un evento donde los asistentes no s\u00f3lo pudieran apreciar la buena m\u00fasica, sino tambi\u00e9n aprender m\u00e1s y tomar conciencia de las misiones de ambas organizaciones. Los mensajes de sensibilizaci\u00f3n sobre la donaci\u00f3n y el trasplante de \u00f3rganos desde DTI y de defensa de la inclusi\u00f3n social de las personas con discapacidad intelectual desde Fundaci\u00f3 Nen D\u00e9u. <strong>DTI se enorgullece de haberse asociado con la Fundaci\u00f3 Nen D\u00e9u y agradece su ayuda y apoyo para este evento.<\/strong><\/p>\n\n<p>Nuestra esperanza es que para los asistentes, este concierto sirva como punto de partida para una mayor formaci\u00f3n de los profesionales sanitarios en pa\u00edses donde la donaci\u00f3n a\u00fan no se ha establecido plenamente en su sistema. Difundir conciencia sobre nuestros objetivos requiere la ayuda y participaci\u00f3n del p\u00fablico, y es a trav\u00e9s de eventos y eventos para recaudar fondos como este concierto que mejor podemos lograr esa misi\u00f3n.<\/p>\n\n<p>Amb l&#8217;augment de les taxes de vacunaci\u00f3 i algunes restriccions pand\u00e8miques que comencen a alleujar-se, DTI espera finalment tornar a organitzar m\u00e9s esdeveniments com aquest. Si s&#8217;ha de continuar avan\u00e7ant en aquest \u00e0mbit, necessitarem la vostra ajuda perqu\u00e8 cada ocasi\u00f3 sigui tan exitosa, entretinguda i informativa com aquesta. Gr\u00e0cies a tots els que vau assistir, i esperem retrobar-nos en un altre acte.<\/p>\n","protected":false},"excerpt":{"rendered":"<p>El concierto ben\u00e9fico organizado por la Fundaci\u00f3n DTI y la Fundaci\u00f3 Nen D\u00e9u el pasado 28 de junio fue un gran \u00e9xito.<\/p>\n","protected":false},"author":1,"featured_media":4127,"comment_status":"open","ping_status":"closed","sticky":false,"template":"","format":"standard","meta":{"_acf_changed":false,"footnotes":""},"categories":[172],"tags":[],"class_list":["post-13091","post","type-post","status-publish","format-standard","has-post-thumbnail","hentry","category-webinars-es"],"acf":[],"yoast_head":"<!-- This site is optimized with the Yoast SEO plugin v26.9 - https:\/\/yoast.com\/product\/yoast-seo-wordpress\/ -->\n<title>M\u00fasica estelar y p\u00fablico lleno hacen del Gran Concierto Ben\u00e9fico un gran \u00e9xito | DTI Foundation | Donation &amp; Transplantation Institute<\/title>\n<meta name=\"description\" content=\"El concierto ben\u00e9fico organizado por la Fundaci\u00f3n DTI y la Fundaci\u00f3 Nen D\u00e9u el pasado 28 de junio fue un gran \u00e9xito.\" \/>\n<meta name=\"robots\" content=\"index, follow, max-snippet:-1, max-image-preview:large, max-video-preview:-1\" \/>\n<link rel=\"canonical\" href=\"https:\/\/dtifoundation.com\/es\/musica-estelar-y-publico-lleno-hacen-del-gran-concierto-benefico-un-gran-exito\/\" \/>\n<meta property=\"og:locale\" content=\"es_ES\" \/>\n<meta property=\"og:type\" content=\"article\" \/>\n<meta property=\"og:title\" content=\"M\u00fasica estelar y p\u00fablico lleno hacen del Gran Concierto Ben\u00e9fico un gran \u00e9xito | DTI Foundation | Donation &amp; Transplantation Institute\" \/>\n<meta property=\"og:description\" content=\"El concierto ben\u00e9fico organizado por la Fundaci\u00f3n DTI y la Fundaci\u00f3 Nen D\u00e9u el pasado 28 de junio fue un gran \u00e9xito.\" \/>\n<meta property=\"og:url\" content=\"https:\/\/dtifoundation.com\/es\/musica-estelar-y-publico-lleno-hacen-del-gran-concierto-benefico-un-gran-exito\/\" \/>\n<meta property=\"og:site_name\" content=\"DTI Foundation | Donation &amp; Transplantation Institute\" \/>\n<meta property=\"article:published_time\" content=\"2021-06-30T09:37:00+00:00\" \/>\n<meta property=\"article:modified_time\" content=\"2024-02-23T11:48:14+00:00\" \/>\n<meta property=\"og:image\" content=\"https:\/\/dtifoundation.com\/wp-content\/uploads\/2023\/02\/IMG_8327-scaled-1.jpg\" \/>\n\t<meta property=\"og:image:width\" content=\"2560\" \/>\n\t<meta property=\"og:image:height\" content=\"1707\" \/>\n\t<meta property=\"og:image:type\" content=\"image\/jpeg\" \/>\n<meta name=\"author\" content=\"DTI Foundation\" \/>\n<meta name=\"twitter:card\" content=\"summary_large_image\" \/>\n<meta name=\"twitter:label1\" content=\"Escrito por\" \/>\n\t<meta name=\"twitter:data1\" content=\"DTI Foundation\" \/>\n\t<meta name=\"twitter:label2\" content=\"Tiempo de lectura\" \/>\n\t<meta name=\"twitter:data2\" content=\"2 minutos\" \/>\n<script type=\"application\/ld+json\" class=\"yoast-schema-graph\">{\"@context\":\"https:\/\/schema.org\",\"@graph\":[{\"@type\":\"ScholarlyArticle\",\"@id\":\"https:\/\/dtifoundation.com\/es\/musica-estelar-y-publico-lleno-hacen-del-gran-concierto-benefico-un-gran-exito\/#article\",\"isPartOf\":{\"@id\":\"https:\/\/dtifoundation.com\/es\/musica-estelar-y-publico-lleno-hacen-del-gran-concierto-benefico-un-gran-exito\/\"},\"author\":{\"name\":\"DTI Foundation\",\"@id\":\"https:\/\/dtifoundation.com\/#\/schema\/person\/f692c11e68e0b3ced9d7056273b19eda\"},\"headline\":\"M\u00fasica estelar y p\u00fablico lleno hacen del Gran Concierto Ben\u00e9fico un gran \u00e9xito\",\"datePublished\":\"2021-06-30T09:37:00+00:00\",\"dateModified\":\"2024-02-23T11:48:14+00:00\",\"mainEntityOfPage\":{\"@id\":\"https:\/\/dtifoundation.com\/es\/musica-estelar-y-publico-lleno-hacen-del-gran-concierto-benefico-un-gran-exito\/\"},\"wordCount\":443,\"commentCount\":0,\"image\":{\"@id\":\"https:\/\/dtifoundation.com\/es\/musica-estelar-y-publico-lleno-hacen-del-gran-concierto-benefico-un-gran-exito\/#primaryimage\"},\"thumbnailUrl\":\"https:\/\/dtifoundation.com\/wp-content\/uploads\/2023\/02\/IMG_8327-scaled-1.jpg\",\"articleSection\":[\"Webinars\"],\"inLanguage\":\"es\",\"potentialAction\":[{\"@type\":\"CommentAction\",\"name\":\"Comment\",\"target\":[\"https:\/\/dtifoundation.com\/es\/musica-estelar-y-publico-lleno-hacen-del-gran-concierto-benefico-un-gran-exito\/#respond\"]}]},{\"@type\":[\"WebPage\",\"MedicalWebPage\"],\"@id\":\"https:\/\/dtifoundation.com\/es\/musica-estelar-y-publico-lleno-hacen-del-gran-concierto-benefico-un-gran-exito\/\",\"url\":\"https:\/\/dtifoundation.com\/es\/musica-estelar-y-publico-lleno-hacen-del-gran-concierto-benefico-un-gran-exito\/\",\"name\":\"M\u00fasica estelar y p\u00fablico lleno hacen del Gran Concierto Ben\u00e9fico un gran \u00e9xito | DTI Foundation | Donation &amp; Transplantation Institute\",\"isPartOf\":{\"@id\":\"https:\/\/dtifoundation.com\/#website\"},\"primaryImageOfPage\":{\"@id\":\"https:\/\/dtifoundation.com\/es\/musica-estelar-y-publico-lleno-hacen-del-gran-concierto-benefico-un-gran-exito\/#primaryimage\"},\"image\":{\"@id\":\"https:\/\/dtifoundation.com\/es\/musica-estelar-y-publico-lleno-hacen-del-gran-concierto-benefico-un-gran-exito\/#primaryimage\"},\"thumbnailUrl\":\"https:\/\/dtifoundation.com\/wp-content\/uploads\/2023\/02\/IMG_8327-scaled-1.jpg\",\"datePublished\":\"2021-06-30T09:37:00+00:00\",\"dateModified\":\"2024-02-23T11:48:14+00:00\",\"author\":{\"@id\":\"https:\/\/dtifoundation.com\/#\/schema\/person\/f692c11e68e0b3ced9d7056273b19eda\"},\"description\":\"El concierto ben\u00e9fico organizado por la Fundaci\u00f3n DTI y la Fundaci\u00f3 Nen D\u00e9u el pasado 28 de junio fue un gran \u00e9xito.\",\"breadcrumb\":{\"@id\":\"https:\/\/dtifoundation.com\/es\/musica-estelar-y-publico-lleno-hacen-del-gran-concierto-benefico-un-gran-exito\/#breadcrumb\"},\"inLanguage\":\"es\",\"potentialAction\":[{\"@type\":\"ReadAction\",\"target\":[\"https:\/\/dtifoundation.com\/es\/musica-estelar-y-publico-lleno-hacen-del-gran-concierto-benefico-un-gran-exito\/\"]}]},{\"@type\":\"ImageObject\",\"inLanguage\":\"es\",\"@id\":\"https:\/\/dtifoundation.com\/es\/musica-estelar-y-publico-lleno-hacen-del-gran-concierto-benefico-un-gran-exito\/#primaryimage\",\"url\":\"https:\/\/dtifoundation.com\/wp-content\/uploads\/2023\/02\/IMG_8327-scaled-1.jpg\",\"contentUrl\":\"https:\/\/dtifoundation.com\/wp-content\/uploads\/2023\/02\/IMG_8327-scaled-1.jpg\",\"width\":2560,\"height\":1707},{\"@type\":\"BreadcrumbList\",\"@id\":\"https:\/\/dtifoundation.com\/es\/musica-estelar-y-publico-lleno-hacen-del-gran-concierto-benefico-un-gran-exito\/#breadcrumb\",\"itemListElement\":[{\"@type\":\"ListItem\",\"position\":1,\"name\":\"Home\",\"item\":\"https:\/\/dtifoundation.com\/es\/\"},{\"@type\":\"ListItem\",\"position\":2,\"name\":\"M\u00fasica estelar y p\u00fablico lleno hacen del Gran Concierto Ben\u00e9fico un gran \u00e9xito\"}]},{\"@type\":\"WebSite\",\"@id\":\"https:\/\/dtifoundation.com\/#website\",\"url\":\"https:\/\/dtifoundation.com\/\",\"name\":\"TPM - DTI Foundation\",\"description\":\"\",\"potentialAction\":[{\"@type\":\"SearchAction\",\"target\":{\"@type\":\"EntryPoint\",\"urlTemplate\":\"https:\/\/dtifoundation.com\/?s={search_term_string}\"},\"query-input\":{\"@type\":\"PropertyValueSpecification\",\"valueRequired\":true,\"valueName\":\"search_term_string\"}}],\"inLanguage\":\"es\"},{\"@type\":\"Person\",\"@id\":\"https:\/\/dtifoundation.com\/#\/schema\/person\/f692c11e68e0b3ced9d7056273b19eda\",\"name\":\"DTI Foundation\",\"image\":{\"@type\":\"ImageObject\",\"inLanguage\":\"es\",\"@id\":\"https:\/\/dtifoundation.com\/#\/schema\/person\/image\/\",\"url\":\"https:\/\/secure.gravatar.com\/avatar\/c3b61ffa550c02e978b7bd68f0afa9a39af9a6f13fe39949e7f8da4aab75245c?s=96&d=mm&r=g\",\"contentUrl\":\"https:\/\/secure.gravatar.com\/avatar\/c3b61ffa550c02e978b7bd68f0afa9a39af9a6f13fe39949e7f8da4aab75245c?s=96&d=mm&r=g\",\"caption\":\"DTI Foundation\"},\"sameAs\":[\"https:\/\/dtifoundation.com\"],\"url\":\"https:\/\/dtifoundation.com\/es\/author\/allinagencyadmin\/\"}]}<\/script>\n<!-- \/ Yoast SEO plugin. -->","yoast_head_json":{"title":"M\u00fasica estelar y p\u00fablico lleno hacen del Gran Concierto Ben\u00e9fico un gran \u00e9xito | DTI Foundation | Donation &amp; Transplantation Institute","description":"El concierto ben\u00e9fico organizado por la Fundaci\u00f3n DTI y la Fundaci\u00f3 Nen D\u00e9u el pasado 28 de junio fue un gran \u00e9xito.","robots":{"index":"index","follow":"follow","max-snippet":"max-snippet:-1","max-image-preview":"max-image-preview:large","max-video-preview":"max-video-preview:-1"},"canonical":"https:\/\/dtifoundation.com\/es\/musica-estelar-y-publico-lleno-hacen-del-gran-concierto-benefico-un-gran-exito\/","og_locale":"es_ES","og_type":"article","og_title":"M\u00fasica estelar y p\u00fablico lleno hacen del Gran Concierto Ben\u00e9fico un gran \u00e9xito | DTI Foundation | Donation &amp; Transplantation Institute","og_description":"El concierto ben\u00e9fico organizado por la Fundaci\u00f3n DTI y la Fundaci\u00f3 Nen D\u00e9u el pasado 28 de junio fue un gran \u00e9xito.","og_url":"https:\/\/dtifoundation.com\/es\/musica-estelar-y-publico-lleno-hacen-del-gran-concierto-benefico-un-gran-exito\/","og_site_name":"DTI Foundation | Donation &amp; Transplantation Institute","article_published_time":"2021-06-30T09:37:00+00:00","article_modified_time":"2024-02-23T11:48:14+00:00","og_image":[{"width":2560,"height":1707,"url":"https:\/\/dtifoundation.com\/wp-content\/uploads\/2023\/02\/IMG_8327-scaled-1.jpg","type":"image\/jpeg"}],"author":"DTI Foundation","twitter_card":"summary_large_image","twitter_misc":{"Escrito por":"DTI Foundation","Tiempo de lectura":"2 minutos"},"schema":{"@context":"https:\/\/schema.org","@graph":[{"@type":"ScholarlyArticle","@id":"https:\/\/dtifoundation.com\/es\/musica-estelar-y-publico-lleno-hacen-del-gran-concierto-benefico-un-gran-exito\/#article","isPartOf":{"@id":"https:\/\/dtifoundation.com\/es\/musica-estelar-y-publico-lleno-hacen-del-gran-concierto-benefico-un-gran-exito\/"},"author":{"name":"DTI Foundation","@id":"https:\/\/dtifoundation.com\/#\/schema\/person\/f692c11e68e0b3ced9d7056273b19eda"},"headline":"M\u00fasica estelar y p\u00fablico lleno hacen del Gran Concierto Ben\u00e9fico un gran \u00e9xito","datePublished":"2021-06-30T09:37:00+00:00","dateModified":"2024-02-23T11:48:14+00:00","mainEntityOfPage":{"@id":"https:\/\/dtifoundation.com\/es\/musica-estelar-y-publico-lleno-hacen-del-gran-concierto-benefico-un-gran-exito\/"},"wordCount":443,"commentCount":0,"image":{"@id":"https:\/\/dtifoundation.com\/es\/musica-estelar-y-publico-lleno-hacen-del-gran-concierto-benefico-un-gran-exito\/#primaryimage"},"thumbnailUrl":"https:\/\/dtifoundation.com\/wp-content\/uploads\/2023\/02\/IMG_8327-scaled-1.jpg","articleSection":["Webinars"],"inLanguage":"es","potentialAction":[{"@type":"CommentAction","name":"Comment","target":["https:\/\/dtifoundation.com\/es\/musica-estelar-y-publico-lleno-hacen-del-gran-concierto-benefico-un-gran-exito\/#respond"]}]},{"@type":["WebPage","MedicalWebPage"],"@id":"https:\/\/dtifoundation.com\/es\/musica-estelar-y-publico-lleno-hacen-del-gran-concierto-benefico-un-gran-exito\/","url":"https:\/\/dtifoundation.com\/es\/musica-estelar-y-publico-lleno-hacen-del-gran-concierto-benefico-un-gran-exito\/","name":"M\u00fasica estelar y p\u00fablico lleno hacen del Gran Concierto Ben\u00e9fico un gran \u00e9xito | DTI Foundation | Donation &amp; Transplantation Institute","isPartOf":{"@id":"https:\/\/dtifoundation.com\/#website"},"primaryImageOfPage":{"@id":"https:\/\/dtifoundation.com\/es\/musica-estelar-y-publico-lleno-hacen-del-gran-concierto-benefico-un-gran-exito\/#primaryimage"},"image":{"@id":"https:\/\/dtifoundation.com\/es\/musica-estelar-y-publico-lleno-hacen-del-gran-concierto-benefico-un-gran-exito\/#primaryimage"},"thumbnailUrl":"https:\/\/dtifoundation.com\/wp-content\/uploads\/2023\/02\/IMG_8327-scaled-1.jpg","datePublished":"2021-06-30T09:37:00+00:00","dateModified":"2024-02-23T11:48:14+00:00","author":{"@id":"https:\/\/dtifoundation.com\/#\/schema\/person\/f692c11e68e0b3ced9d7056273b19eda"},"description":"El concierto ben\u00e9fico organizado por la Fundaci\u00f3n DTI y la Fundaci\u00f3 Nen D\u00e9u el pasado 28 de junio fue un gran \u00e9xito.","breadcrumb":{"@id":"https:\/\/dtifoundation.com\/es\/musica-estelar-y-publico-lleno-hacen-del-gran-concierto-benefico-un-gran-exito\/#breadcrumb"},"inLanguage":"es","potentialAction":[{"@type":"ReadAction","target":["https:\/\/dtifoundation.com\/es\/musica-estelar-y-publico-lleno-hacen-del-gran-concierto-benefico-un-gran-exito\/"]}]},{"@type":"ImageObject","inLanguage":"es","@id":"https:\/\/dtifoundation.com\/es\/musica-estelar-y-publico-lleno-hacen-del-gran-concierto-benefico-un-gran-exito\/#primaryimage","url":"https:\/\/dtifoundation.com\/wp-content\/uploads\/2023\/02\/IMG_8327-scaled-1.jpg","contentUrl":"https:\/\/dtifoundation.com\/wp-content\/uploads\/2023\/02\/IMG_8327-scaled-1.jpg","width":2560,"height":1707},{"@type":"BreadcrumbList","@id":"https:\/\/dtifoundation.com\/es\/musica-estelar-y-publico-lleno-hacen-del-gran-concierto-benefico-un-gran-exito\/#breadcrumb","itemListElement":[{"@type":"ListItem","position":1,"name":"Home","item":"https:\/\/dtifoundation.com\/es\/"},{"@type":"ListItem","position":2,"name":"M\u00fasica estelar y p\u00fablico lleno hacen del Gran Concierto Ben\u00e9fico un gran \u00e9xito"}]},{"@type":"WebSite","@id":"https:\/\/dtifoundation.com\/#website","url":"https:\/\/dtifoundation.com\/","name":"TPM - DTI Foundation","description":"","potentialAction":[{"@type":"SearchAction","target":{"@type":"EntryPoint","urlTemplate":"https:\/\/dtifoundation.com\/?s={search_term_string}"},"query-input":{"@type":"PropertyValueSpecification","valueRequired":true,"valueName":"search_term_string"}}],"inLanguage":"es"},{"@type":"Person","@id":"https:\/\/dtifoundation.com\/#\/schema\/person\/f692c11e68e0b3ced9d7056273b19eda","name":"DTI Foundation","image":{"@type":"ImageObject","inLanguage":"es","@id":"https:\/\/dtifoundation.com\/#\/schema\/person\/image\/","url":"https:\/\/secure.gravatar.com\/avatar\/c3b61ffa550c02e978b7bd68f0afa9a39af9a6f13fe39949e7f8da4aab75245c?s=96&d=mm&r=g","contentUrl":"https:\/\/secure.gravatar.com\/avatar\/c3b61ffa550c02e978b7bd68f0afa9a39af9a6f13fe39949e7f8da4aab75245c?s=96&d=mm&r=g","caption":"DTI Foundation"},"sameAs":["https:\/\/dtifoundation.com"],"url":"https:\/\/dtifoundation.com\/es\/author\/allinagencyadmin\/"}]}},"_links":{"self":[{"href":"https:\/\/dtifoundation.com\/es\/wp-json\/wp\/v2\/posts\/13091","targetHints":{"allow":["GET"]}}],"collection":[{"href":"https:\/\/dtifoundation.com\/es\/wp-json\/wp\/v2\/posts"}],"about":[{"href":"https:\/\/dtifoundation.com\/es\/wp-json\/wp\/v2\/types\/post"}],"author":[{"embeddable":true,"href":"https:\/\/dtifoundation.com\/es\/wp-json\/wp\/v2\/users\/1"}],"replies":[{"embeddable":true,"href":"https:\/\/dtifoundation.com\/es\/wp-json\/wp\/v2\/comments?post=13091"}],"version-history":[{"count":0,"href":"https:\/\/dtifoundation.com\/es\/wp-json\/wp\/v2\/posts\/13091\/revisions"}],"wp:featuredmedia":[{"embeddable":true,"href":"https:\/\/dtifoundation.com\/es\/wp-json\/wp\/v2\/media\/4127"}],"wp:attachment":[{"href":"https:\/\/dtifoundation.com\/es\/wp-json\/wp\/v2\/media?parent=13091"}],"wp:term":[{"taxonomy":"category","embeddable":true,"href":"https:\/\/dtifoundation.com\/es\/wp-json\/wp\/v2\/categories?post=13091"},{"taxonomy":"post_tag","embeddable":true,"href":"https:\/\/dtifoundation.com\/es\/wp-json\/wp\/v2\/tags?post=13091"}],"curies":[{"name":"wp","href":"https:\/\/api.w.org\/{rel}","templated":true}]}}