{"id":13008,"date":"2020-09-03T12:42:34","date_gmt":"2020-09-03T12:42:34","guid":{"rendered":"https:\/\/dtifoundation.com\/dti-estara-representada-en-el-congreso-virtual-tts-2020_13-16-de-septiembre\/"},"modified":"2024-02-23T07:32:37","modified_gmt":"2024-02-23T07:32:37","slug":"dti-estara-representada-en-el-congreso-virtual-tts-2020_13-16-de-septiembre","status":"publish","type":"post","link":"https:\/\/dtifoundation.com\/es\/dti-estara-representada-en-el-congreso-virtual-tts-2020_13-16-de-septiembre\/","title":{"rendered":"DTI estar\u00e1 representada en el Congreso Virtual TTS 2020_13-16 de septiembre"},"content":{"rendered":"\n<p><\/p>\n\n<figure class=\"wp-block-image size-large\"><img decoding=\"async\" src=\"http:\/\/dtifoundation.com\/wp-content\/uploads\/2023\/02\/200525_TTS2020_logo_long-1024x284.png\" alt=\"\" class=\"wp-image-9934\"\/><\/figure>\n\n<p><strong>\u00a1La Fundaci\u00f3n DTI asistir\u00e1 virtualmente este a\u00f1o al 28\u00ba Congreso Internacional de The Transplantation Society 2020!<\/strong><\/p>\n\n<p>Vis\u00edtenos en el Industry Corner de la Plataforma y vea las novedades en el campo de la Donaci\u00f3n y el Trasplante de \u00d3rganos:<\/p>\n\n<div class=\"wp-block-group\"><div class=\"wp-block-group__inner-container is-layout-flow wp-block-group-is-layout-flow\">\n<div class=\"wp-block-group\"><div class=\"wp-block-group__inner-container is-layout-flow wp-block-group-is-layout-flow\">\n<p><strong>Consulte la oferta de formaci\u00f3n online de DTI<\/strong><\/p>\n\n\n\n<p><strong>\u00a1Juega a un juego de preguntas para poner a prueba tus conocimientos sobre donaci\u00f3n y trasplante de \u00f3rganos y gana acceso gratuito a uno de nuestros cursos en l\u00ednea!<\/strong><\/p>\n\n\n\n<p><strong>Descubra i-DTI, una innovadora plataforma de telemedicina<\/strong><\/p>\n\n\n\n<p><strong>Reg\u00edstrese y consulte nuestras Donaciones<\/strong> <strong>Bases de Datos<\/strong><\/p>\n\n\n\n<p>Chatea con nosotros durante el Congreso en Zoom: \u00a0<a href=\"https:\/\/zoom.us\/j\/4461853655\"><strong>https:\/\/zoom.us\/j\/4461853655<\/strong><\/a><\/p>\n<\/div><\/div>\n\n\n\n<p>Sigue nuestras presentaciones:<\/p>\n\n\n\n<figure class=\"wp-block-table is-style-regular\"><table><tbody><tr><td><strong>SESIONES DE RES\u00daMENES ORALES<\/strong><\/td><\/tr><tr><td><a href=\"https:\/\/virtual.cm.tts2020.org\/virtual\/lecture\/397\">i-DTI: Una plataforma electr\u00f3nica de consultor\u00eda entre profesionales del campo de la donaci\u00f3n y el trasplante de \u00f3rganos<\/a><\/td><td>Estephan Arredondo\/Jordi Colomer<\/td><td>Mi\u00e9rcoles, 16<sup> <\/sup>Septiembre 2020, 16:30 &#8211; 17:15h (hora Frankfurt) Sala: Canal 8<\/td><\/tr><tr><td><a href=\"https:\/\/virtual.cm.tts2020.org\/virtual\/lecture\/712\">Estrategias innovadoras de donaci\u00f3n de \u00f3rganos para el sudeste asi\u00e1tico: ODISSeA<\/a><\/td><td>Maria Paula G\u00f3mez<\/td><td>Mi\u00e9rcoles, 16<sup> <\/sup>septiembre de 2020, 9:30 &#8211; 10:15h (hora de Frankfurt) Sala: Chanel 9<\/td><\/tr><tr><td><a href=\"https:\/\/virtual.cm.tts2020.org\/virtual\/lecture\/714\">EUDONORGAN \u2013 Proyecto europeo innovador de formaci\u00f3n y sensibilizaci\u00f3n social para aumentar la donaci\u00f3n de \u00f3rganos<\/a><\/td><td>Mart\u00ed Manyalich<\/td><td>Mi\u00e9rcoles, 16<sup> <\/sup>septiembre de 2020, 9:30 &#8211; 10:15h (hora de Frankfurt) Sala: Chanel 9<\/td><\/tr><\/tbody><\/table><\/figure>\n\n\n\n<figure class=\"wp-block-table is-style-regular\"><table><tbody><tr><td><strong>SESIONES DE NETWORKING<\/strong><\/td><\/tr><tr><td><a href=\"https:\/\/virtual.tts.org\/virtual\/timeslot\/457\">Sala de networking virtual:<\/a> <a href=\"https:\/\/virtual.tts.org\/virtual\/timeslot\/457 \">Retos y oportunidades de la regi\u00f3n MENA para la donaci\u00f3n y el trasplante de \u00f3rganos<\/a><\/td><td>Maria Paula G\u00f3mez<\/td><td>Lunes 14 de septiembre de 2020, 10:15 &#8211; 12:00 Sala: Networking 2<\/td><\/tr><tr><td><a href=\"https:\/\/virtual.tts.org\/virtual\/timeslot\/439\">Sala de networking virtual:<\/a> <a href=\"https:\/\/virtual.tts.org\/virtual\/timeslot\/439 \">Nuevas Tecnolog\u00edas Aplicadas a la Donaci\u00f3n de \u00d3rganos<\/a><\/td><td>Estephan Arredondo<\/td><td>Mi\u00e9rcoles 16 de septiembre, 08:00 &#8211; 10:00 Sala: Networking 1<\/td><\/tr><tr><td><a href=\"https:\/\/virtual.tts.org\/virtual\/timeslot\/462\">Virtual <\/a><a href=\"https:\/\/virtual.tts.org\/virtual\/timeslot\/462\">Redes <\/a><a href=\"https:\/\/virtual.tts.org\/virtual\/timeslot\/462\">Sala<\/a><a href=\"https:\/\/virtual.tts.org\/virtual\/timeslot\/ 462\">:<\/a> <a href=\"https:\/\/virtual.tts.org\/virtual\/timeslot\/462\">Donaci\u00f3n y trasplante de \u00f3rganos en <\/a><a href=\"https:\/\/virtual. tts.org\/virtual\/timeslot\/462\">Covid<\/a><a href=\"https:\/\/virtual.tts.org\/virtual\/timeslot\/462\"> Times &#8211; Oportunidades para aprender despu\u00e9s de la primera ola&lt;\/a &gt;<\/a><\/td><td>Maria Paula G\u00f3mez<\/td><td>Martes, 15<sup> <\/sup>Septiembre 2020, 08:00 &#8211; 10:00h (hora Frankfurt) Sala: Networking 1<\/td><\/tr><\/tbody><\/table><\/figure>\n<\/div><\/div>\n\n<figure class=\"wp-block-table is-style-regular\"><table><tbody><tr><td class=\"has-text-align-left\" data-align=\"left\"><strong>E-POSTER HALL<\/strong><\/td><\/tr><tr><td class=\"has-text-align-left\" data-align=\"left\"><a href=\"https:\/\/virtual.cm.tts2020.org\/virtual\/lecture\/715\">Programa de capacitaci\u00f3n TPM en banco de tejidos y manejo de tejidos. terapias avanzadas: una experiencia de 15 a\u00f1os<\/a><\/td><td>Chlo\u00eb Ballest\u00e9<\/td><\/tr><tr><td class=\"has-text-align-left\" data-align=\"left\"><a href=\"https:\/\/virtual.cm.tts2020.org\/virtual\/lecture\/719\">Puente KeTLOD: Becas para facilitar la transferencia de conocimiento y liderazgo en donaci\u00f3n y trasplante de \u00f3rganos de Europa a China (2018-2019) <\/a><\/td><td>Chlo\u00eb Ballest\u00e9<\/td><\/tr><tr><td class=\"has-text-align-left\" data-align=\"left\"><a href=\"https:\/\/virtual.cm.tts2020.org\/virtual\/lecture\/619\">Certificaci\u00f3n de calidad ISO para una unidad de obtenci\u00f3n de \u00f3rganos en un hospital: la experiencia de los Emiratos \u00c1rabes Unidos (EAU)<\/a><\/td><td>Maria Paula G\u00f3mez\/ Ali Al Obaidli<\/td><\/tr><tr><td class=\"has-text-align-left\" data-align=\"left\"><a href=\"https:\/\/virtual.cm.tts2020.org\/virtual\/lecture\/680\">Resultados de la implementaci\u00f3n de la primera unidad hospitalaria de obtenci\u00f3n de \u00f3rganos en Kerala (India)<\/a><\/td><td>Maria Paula G\u00f3mez\/Raman Muraleedharan<\/td><\/tr><tr><td class=\"has-text-align-left\" data-align=\"left\"><a href=\"https:\/\/virtual.cm.tts2020.org\/virtual\/lecture\/696\">Registro Internacional de Donaci\u00f3n y Trasplante de \u00d3rganos (IRODAT) \u2013 Datos mundiales de 2019<\/a><\/td><td>Maria Paula G\u00f3mez<\/td><\/tr><tr><td class=\"has-text-align-left\" data-align=\"left\"><a href=\"https:\/\/virtual.cm.tts2020.org\/virtual\/lecture\/716\">Encuesta sobre liderazgo, gesti\u00f3n, calidad e innovaci\u00f3n en la obtenci\u00f3n de \u00f3rganos para la autosuficiencia en la donaci\u00f3n de \u00f3rganos de one belt &amp; una zona de carretera<\/a><\/td><td>Mart\u00ed Manyalich<\/td><\/tr><tr><td class=\"has-text-align-left\" data-align=\"left\"><a href=\"https:\/\/virtual.cm.tts2020.org\/virtual\/lecture\/679\">Quorum: herramienta inform\u00e1tica para la gesti\u00f3n del sistema de calidad de la donaci\u00f3n de \u00f3rganos: programa piloto en el Reino de Arabia Saudita<\/a><\/td><td>Estephan Arredondo<\/td><\/tr><tr><td class=\"has-text-align-left\" data-align=\"left\"><a href=\"https:\/\/virtual.cm.tts2020.org\/virtual\/lecture\/672\">Observaciones sobre la perfusi\u00f3n hep\u00e1tica normot\u00e9rmica ex situ de 24 horas<\/a><\/td><td>Estephan Arredondo<\/td><\/tr><\/tbody><\/table><\/figure>\n\n<div class=\"wp-block-group is-layout-flow wp-block-group-is-layout-flow\"><div class=\"wp-block-group__inner-container\"><\/div><\/div>\n","protected":false},"excerpt":{"rendered":"<p>\u00a1La Fundaci\u00f3n DTI asistir\u00e1 virtualmente este a\u00f1o al 28\u00ba Congreso Internacional de The Transplantation Society 2020! Vis\u00edtenos en el Industry [&hellip;]<\/p>\n","protected":false},"author":1,"featured_media":3814,"comment_status":"open","ping_status":"closed","sticky":false,"template":"","format":"standard","meta":{"_acf_changed":false,"footnotes":""},"categories":[172],"tags":[],"class_list":["post-13008","post","type-post","status-publish","format-standard","has-post-thumbnail","hentry","category-webinars-es"],"acf":[],"yoast_head":"<!-- This site is optimized with the Yoast SEO plugin v26.9 - https:\/\/yoast.com\/product\/yoast-seo-wordpress\/ -->\n<title>DTI estar\u00e1 representada en el Congreso Virtual TTS 2020_13-16 de septiembre | DTI Foundation | Donation &amp; Transplantation Institute<\/title>\n<meta name=\"description\" content=\"\u00a1La Fundaci\u00f3n DTI asistir\u00e1 virtualmente este a\u00f1o al 28\u00ba Congreso Internacional de The Transplantation Society 2020! Vis\u00edtenos en el Industry Corner de la\" \/>\n<meta name=\"robots\" content=\"index, follow, max-snippet:-1, max-image-preview:large, max-video-preview:-1\" \/>\n<link rel=\"canonical\" href=\"https:\/\/dtifoundation.com\/es\/dti-estara-representada-en-el-congreso-virtual-tts-2020_13-16-de-septiembre\/\" \/>\n<meta property=\"og:locale\" content=\"es_ES\" \/>\n<meta property=\"og:type\" content=\"article\" \/>\n<meta property=\"og:title\" content=\"DTI estar\u00e1 representada en el Congreso Virtual TTS 2020_13-16 de septiembre | DTI Foundation | Donation &amp; Transplantation Institute\" \/>\n<meta property=\"og:description\" content=\"\u00a1La Fundaci\u00f3n DTI asistir\u00e1 virtualmente este a\u00f1o al 28\u00ba Congreso Internacional de The Transplantation Society 2020! Vis\u00edtenos en el Industry Corner de la\" \/>\n<meta property=\"og:url\" content=\"https:\/\/dtifoundation.com\/es\/dti-estara-representada-en-el-congreso-virtual-tts-2020_13-16-de-septiembre\/\" \/>\n<meta property=\"og:site_name\" content=\"DTI Foundation | Donation &amp; Transplantation Institute\" \/>\n<meta property=\"article:published_time\" content=\"2020-09-03T12:42:34+00:00\" \/>\n<meta property=\"article:modified_time\" content=\"2024-02-23T07:32:37+00:00\" \/>\n<meta property=\"og:image\" content=\"https:\/\/dtifoundation.com\/wp-content\/uploads\/2023\/02\/200604_TTS2020_logo_400x400-twtr.jpg\" \/>\n\t<meta property=\"og:image:width\" content=\"400\" \/>\n\t<meta property=\"og:image:height\" content=\"400\" \/>\n\t<meta property=\"og:image:type\" content=\"image\/jpeg\" \/>\n<meta name=\"author\" content=\"DTI Foundation\" \/>\n<meta name=\"twitter:card\" content=\"summary_large_image\" \/>\n<meta name=\"twitter:label1\" content=\"Escrito por\" \/>\n\t<meta name=\"twitter:data1\" content=\"DTI Foundation\" \/>\n\t<meta name=\"twitter:label2\" content=\"Tiempo de lectura\" \/>\n\t<meta name=\"twitter:data2\" content=\"2 minutos\" \/>\n<script type=\"application\/ld+json\" class=\"yoast-schema-graph\">{\"@context\":\"https:\/\/schema.org\",\"@graph\":[{\"@type\":\"ScholarlyArticle\",\"@id\":\"https:\/\/dtifoundation.com\/es\/dti-estara-representada-en-el-congreso-virtual-tts-2020_13-16-de-septiembre\/#article\",\"isPartOf\":{\"@id\":\"https:\/\/dtifoundation.com\/es\/dti-estara-representada-en-el-congreso-virtual-tts-2020_13-16-de-septiembre\/\"},\"author\":{\"name\":\"DTI Foundation\",\"@id\":\"https:\/\/dtifoundation.com\/#\/schema\/person\/f692c11e68e0b3ced9d7056273b19eda\"},\"headline\":\"DTI estar\u00e1 representada en el Congreso Virtual TTS 2020_13-16 de septiembre\",\"datePublished\":\"2020-09-03T12:42:34+00:00\",\"dateModified\":\"2024-02-23T07:32:37+00:00\",\"mainEntityOfPage\":{\"@id\":\"https:\/\/dtifoundation.com\/es\/dti-estara-representada-en-el-congreso-virtual-tts-2020_13-16-de-septiembre\/\"},\"wordCount\":514,\"commentCount\":0,\"image\":{\"@id\":\"https:\/\/dtifoundation.com\/es\/dti-estara-representada-en-el-congreso-virtual-tts-2020_13-16-de-septiembre\/#primaryimage\"},\"thumbnailUrl\":\"https:\/\/dtifoundation.com\/wp-content\/uploads\/2023\/02\/200604_TTS2020_logo_400x400-twtr.jpg\",\"articleSection\":[\"Webinars\"],\"inLanguage\":\"es\",\"potentialAction\":[{\"@type\":\"CommentAction\",\"name\":\"Comment\",\"target\":[\"https:\/\/dtifoundation.com\/es\/dti-estara-representada-en-el-congreso-virtual-tts-2020_13-16-de-septiembre\/#respond\"]}]},{\"@type\":[\"WebPage\",\"MedicalWebPage\"],\"@id\":\"https:\/\/dtifoundation.com\/es\/dti-estara-representada-en-el-congreso-virtual-tts-2020_13-16-de-septiembre\/\",\"url\":\"https:\/\/dtifoundation.com\/es\/dti-estara-representada-en-el-congreso-virtual-tts-2020_13-16-de-septiembre\/\",\"name\":\"DTI estar\u00e1 representada en el Congreso Virtual TTS 2020_13-16 de septiembre | DTI Foundation | Donation &amp; Transplantation Institute\",\"isPartOf\":{\"@id\":\"https:\/\/dtifoundation.com\/#website\"},\"primaryImageOfPage\":{\"@id\":\"https:\/\/dtifoundation.com\/es\/dti-estara-representada-en-el-congreso-virtual-tts-2020_13-16-de-septiembre\/#primaryimage\"},\"image\":{\"@id\":\"https:\/\/dtifoundation.com\/es\/dti-estara-representada-en-el-congreso-virtual-tts-2020_13-16-de-septiembre\/#primaryimage\"},\"thumbnailUrl\":\"https:\/\/dtifoundation.com\/wp-content\/uploads\/2023\/02\/200604_TTS2020_logo_400x400-twtr.jpg\",\"datePublished\":\"2020-09-03T12:42:34+00:00\",\"dateModified\":\"2024-02-23T07:32:37+00:00\",\"author\":{\"@id\":\"https:\/\/dtifoundation.com\/#\/schema\/person\/f692c11e68e0b3ced9d7056273b19eda\"},\"description\":\"\u00a1La Fundaci\u00f3n DTI asistir\u00e1 virtualmente este a\u00f1o al 28\u00ba Congreso Internacional de The Transplantation Society 2020! Vis\u00edtenos en el Industry Corner de la\",\"breadcrumb\":{\"@id\":\"https:\/\/dtifoundation.com\/es\/dti-estara-representada-en-el-congreso-virtual-tts-2020_13-16-de-septiembre\/#breadcrumb\"},\"inLanguage\":\"es\",\"potentialAction\":[{\"@type\":\"ReadAction\",\"target\":[\"https:\/\/dtifoundation.com\/es\/dti-estara-representada-en-el-congreso-virtual-tts-2020_13-16-de-septiembre\/\"]}]},{\"@type\":\"ImageObject\",\"inLanguage\":\"es\",\"@id\":\"https:\/\/dtifoundation.com\/es\/dti-estara-representada-en-el-congreso-virtual-tts-2020_13-16-de-septiembre\/#primaryimage\",\"url\":\"https:\/\/dtifoundation.com\/wp-content\/uploads\/2023\/02\/200604_TTS2020_logo_400x400-twtr.jpg\",\"contentUrl\":\"https:\/\/dtifoundation.com\/wp-content\/uploads\/2023\/02\/200604_TTS2020_logo_400x400-twtr.jpg\",\"width\":400,\"height\":400},{\"@type\":\"BreadcrumbList\",\"@id\":\"https:\/\/dtifoundation.com\/es\/dti-estara-representada-en-el-congreso-virtual-tts-2020_13-16-de-septiembre\/#breadcrumb\",\"itemListElement\":[{\"@type\":\"ListItem\",\"position\":1,\"name\":\"Home\",\"item\":\"https:\/\/dtifoundation.com\/es\/\"},{\"@type\":\"ListItem\",\"position\":2,\"name\":\"DTI estar\u00e1 representada en el Congreso Virtual TTS 2020_13-16 de septiembre\"}]},{\"@type\":\"WebSite\",\"@id\":\"https:\/\/dtifoundation.com\/#website\",\"url\":\"https:\/\/dtifoundation.com\/\",\"name\":\"TPM - DTI Foundation\",\"description\":\"\",\"potentialAction\":[{\"@type\":\"SearchAction\",\"target\":{\"@type\":\"EntryPoint\",\"urlTemplate\":\"https:\/\/dtifoundation.com\/?s={search_term_string}\"},\"query-input\":{\"@type\":\"PropertyValueSpecification\",\"valueRequired\":true,\"valueName\":\"search_term_string\"}}],\"inLanguage\":\"es\"},{\"@type\":\"Person\",\"@id\":\"https:\/\/dtifoundation.com\/#\/schema\/person\/f692c11e68e0b3ced9d7056273b19eda\",\"name\":\"DTI Foundation\",\"image\":{\"@type\":\"ImageObject\",\"inLanguage\":\"es\",\"@id\":\"https:\/\/dtifoundation.com\/#\/schema\/person\/image\/\",\"url\":\"https:\/\/secure.gravatar.com\/avatar\/c3b61ffa550c02e978b7bd68f0afa9a39af9a6f13fe39949e7f8da4aab75245c?s=96&d=mm&r=g\",\"contentUrl\":\"https:\/\/secure.gravatar.com\/avatar\/c3b61ffa550c02e978b7bd68f0afa9a39af9a6f13fe39949e7f8da4aab75245c?s=96&d=mm&r=g\",\"caption\":\"DTI Foundation\"},\"sameAs\":[\"https:\/\/dtifoundation.com\"],\"url\":\"https:\/\/dtifoundation.com\/es\/author\/allinagencyadmin\/\"}]}<\/script>\n<!-- \/ Yoast SEO plugin. -->","yoast_head_json":{"title":"DTI estar\u00e1 representada en el Congreso Virtual TTS 2020_13-16 de septiembre | DTI Foundation | Donation &amp; Transplantation Institute","description":"\u00a1La Fundaci\u00f3n DTI asistir\u00e1 virtualmente este a\u00f1o al 28\u00ba Congreso Internacional de The Transplantation Society 2020! Vis\u00edtenos en el Industry Corner de la","robots":{"index":"index","follow":"follow","max-snippet":"max-snippet:-1","max-image-preview":"max-image-preview:large","max-video-preview":"max-video-preview:-1"},"canonical":"https:\/\/dtifoundation.com\/es\/dti-estara-representada-en-el-congreso-virtual-tts-2020_13-16-de-septiembre\/","og_locale":"es_ES","og_type":"article","og_title":"DTI estar\u00e1 representada en el Congreso Virtual TTS 2020_13-16 de septiembre | DTI Foundation | Donation &amp; Transplantation Institute","og_description":"\u00a1La Fundaci\u00f3n DTI asistir\u00e1 virtualmente este a\u00f1o al 28\u00ba Congreso Internacional de The Transplantation Society 2020! Vis\u00edtenos en el Industry Corner de la","og_url":"https:\/\/dtifoundation.com\/es\/dti-estara-representada-en-el-congreso-virtual-tts-2020_13-16-de-septiembre\/","og_site_name":"DTI Foundation | Donation &amp; Transplantation Institute","article_published_time":"2020-09-03T12:42:34+00:00","article_modified_time":"2024-02-23T07:32:37+00:00","og_image":[{"width":400,"height":400,"url":"https:\/\/dtifoundation.com\/wp-content\/uploads\/2023\/02\/200604_TTS2020_logo_400x400-twtr.jpg","type":"image\/jpeg"}],"author":"DTI Foundation","twitter_card":"summary_large_image","twitter_misc":{"Escrito por":"DTI Foundation","Tiempo de lectura":"2 minutos"},"schema":{"@context":"https:\/\/schema.org","@graph":[{"@type":"ScholarlyArticle","@id":"https:\/\/dtifoundation.com\/es\/dti-estara-representada-en-el-congreso-virtual-tts-2020_13-16-de-septiembre\/#article","isPartOf":{"@id":"https:\/\/dtifoundation.com\/es\/dti-estara-representada-en-el-congreso-virtual-tts-2020_13-16-de-septiembre\/"},"author":{"name":"DTI Foundation","@id":"https:\/\/dtifoundation.com\/#\/schema\/person\/f692c11e68e0b3ced9d7056273b19eda"},"headline":"DTI estar\u00e1 representada en el Congreso Virtual TTS 2020_13-16 de septiembre","datePublished":"2020-09-03T12:42:34+00:00","dateModified":"2024-02-23T07:32:37+00:00","mainEntityOfPage":{"@id":"https:\/\/dtifoundation.com\/es\/dti-estara-representada-en-el-congreso-virtual-tts-2020_13-16-de-septiembre\/"},"wordCount":514,"commentCount":0,"image":{"@id":"https:\/\/dtifoundation.com\/es\/dti-estara-representada-en-el-congreso-virtual-tts-2020_13-16-de-septiembre\/#primaryimage"},"thumbnailUrl":"https:\/\/dtifoundation.com\/wp-content\/uploads\/2023\/02\/200604_TTS2020_logo_400x400-twtr.jpg","articleSection":["Webinars"],"inLanguage":"es","potentialAction":[{"@type":"CommentAction","name":"Comment","target":["https:\/\/dtifoundation.com\/es\/dti-estara-representada-en-el-congreso-virtual-tts-2020_13-16-de-septiembre\/#respond"]}]},{"@type":["WebPage","MedicalWebPage"],"@id":"https:\/\/dtifoundation.com\/es\/dti-estara-representada-en-el-congreso-virtual-tts-2020_13-16-de-septiembre\/","url":"https:\/\/dtifoundation.com\/es\/dti-estara-representada-en-el-congreso-virtual-tts-2020_13-16-de-septiembre\/","name":"DTI estar\u00e1 representada en el Congreso Virtual TTS 2020_13-16 de septiembre | DTI Foundation | Donation &amp; Transplantation Institute","isPartOf":{"@id":"https:\/\/dtifoundation.com\/#website"},"primaryImageOfPage":{"@id":"https:\/\/dtifoundation.com\/es\/dti-estara-representada-en-el-congreso-virtual-tts-2020_13-16-de-septiembre\/#primaryimage"},"image":{"@id":"https:\/\/dtifoundation.com\/es\/dti-estara-representada-en-el-congreso-virtual-tts-2020_13-16-de-septiembre\/#primaryimage"},"thumbnailUrl":"https:\/\/dtifoundation.com\/wp-content\/uploads\/2023\/02\/200604_TTS2020_logo_400x400-twtr.jpg","datePublished":"2020-09-03T12:42:34+00:00","dateModified":"2024-02-23T07:32:37+00:00","author":{"@id":"https:\/\/dtifoundation.com\/#\/schema\/person\/f692c11e68e0b3ced9d7056273b19eda"},"description":"\u00a1La Fundaci\u00f3n DTI asistir\u00e1 virtualmente este a\u00f1o al 28\u00ba Congreso Internacional de The Transplantation Society 2020! Vis\u00edtenos en el Industry Corner de la","breadcrumb":{"@id":"https:\/\/dtifoundation.com\/es\/dti-estara-representada-en-el-congreso-virtual-tts-2020_13-16-de-septiembre\/#breadcrumb"},"inLanguage":"es","potentialAction":[{"@type":"ReadAction","target":["https:\/\/dtifoundation.com\/es\/dti-estara-representada-en-el-congreso-virtual-tts-2020_13-16-de-septiembre\/"]}]},{"@type":"ImageObject","inLanguage":"es","@id":"https:\/\/dtifoundation.com\/es\/dti-estara-representada-en-el-congreso-virtual-tts-2020_13-16-de-septiembre\/#primaryimage","url":"https:\/\/dtifoundation.com\/wp-content\/uploads\/2023\/02\/200604_TTS2020_logo_400x400-twtr.jpg","contentUrl":"https:\/\/dtifoundation.com\/wp-content\/uploads\/2023\/02\/200604_TTS2020_logo_400x400-twtr.jpg","width":400,"height":400},{"@type":"BreadcrumbList","@id":"https:\/\/dtifoundation.com\/es\/dti-estara-representada-en-el-congreso-virtual-tts-2020_13-16-de-septiembre\/#breadcrumb","itemListElement":[{"@type":"ListItem","position":1,"name":"Home","item":"https:\/\/dtifoundation.com\/es\/"},{"@type":"ListItem","position":2,"name":"DTI estar\u00e1 representada en el Congreso Virtual TTS 2020_13-16 de septiembre"}]},{"@type":"WebSite","@id":"https:\/\/dtifoundation.com\/#website","url":"https:\/\/dtifoundation.com\/","name":"TPM - DTI Foundation","description":"","potentialAction":[{"@type":"SearchAction","target":{"@type":"EntryPoint","urlTemplate":"https:\/\/dtifoundation.com\/?s={search_term_string}"},"query-input":{"@type":"PropertyValueSpecification","valueRequired":true,"valueName":"search_term_string"}}],"inLanguage":"es"},{"@type":"Person","@id":"https:\/\/dtifoundation.com\/#\/schema\/person\/f692c11e68e0b3ced9d7056273b19eda","name":"DTI Foundation","image":{"@type":"ImageObject","inLanguage":"es","@id":"https:\/\/dtifoundation.com\/#\/schema\/person\/image\/","url":"https:\/\/secure.gravatar.com\/avatar\/c3b61ffa550c02e978b7bd68f0afa9a39af9a6f13fe39949e7f8da4aab75245c?s=96&d=mm&r=g","contentUrl":"https:\/\/secure.gravatar.com\/avatar\/c3b61ffa550c02e978b7bd68f0afa9a39af9a6f13fe39949e7f8da4aab75245c?s=96&d=mm&r=g","caption":"DTI Foundation"},"sameAs":["https:\/\/dtifoundation.com"],"url":"https:\/\/dtifoundation.com\/es\/author\/allinagencyadmin\/"}]}},"_links":{"self":[{"href":"https:\/\/dtifoundation.com\/es\/wp-json\/wp\/v2\/posts\/13008","targetHints":{"allow":["GET"]}}],"collection":[{"href":"https:\/\/dtifoundation.com\/es\/wp-json\/wp\/v2\/posts"}],"about":[{"href":"https:\/\/dtifoundation.com\/es\/wp-json\/wp\/v2\/types\/post"}],"author":[{"embeddable":true,"href":"https:\/\/dtifoundation.com\/es\/wp-json\/wp\/v2\/users\/1"}],"replies":[{"embeddable":true,"href":"https:\/\/dtifoundation.com\/es\/wp-json\/wp\/v2\/comments?post=13008"}],"version-history":[{"count":0,"href":"https:\/\/dtifoundation.com\/es\/wp-json\/wp\/v2\/posts\/13008\/revisions"}],"wp:featuredmedia":[{"embeddable":true,"href":"https:\/\/dtifoundation.com\/es\/wp-json\/wp\/v2\/media\/3814"}],"wp:attachment":[{"href":"https:\/\/dtifoundation.com\/es\/wp-json\/wp\/v2\/media?parent=13008"}],"wp:term":[{"taxonomy":"category","embeddable":true,"href":"https:\/\/dtifoundation.com\/es\/wp-json\/wp\/v2\/categories?post=13008"},{"taxonomy":"post_tag","embeddable":true,"href":"https:\/\/dtifoundation.com\/es\/wp-json\/wp\/v2\/tags?post=13008"}],"curies":[{"name":"wp","href":"https:\/\/api.w.org\/{rel}","templated":true}]}}