{"id":12331,"date":"2022-09-19T13:40:14","date_gmt":"2022-09-19T13:40:14","guid":{"rendered":"https:\/\/dtifoundation.com\/dti-despedimos-a-nuestro-amigo-buitron\/"},"modified":"2023-10-17T13:51:40","modified_gmt":"2023-10-17T13:51:40","slug":"dti-despedimos-a-nuestro-amigo-buitron","status":"publish","type":"post","link":"https:\/\/dtifoundation.com\/es\/dti-despedimos-a-nuestro-amigo-buitron\/","title":{"rendered":"DTI despedimos a nuestro amigo Buitr\u00f3n"},"content":{"rendered":"\n<p>Comunicado oficial del fallecimiento del Dr. Jos\u00e9 M. Garc\u00eda Buitr\u00f3n<\/p>\n\n<p>La Fundaci\u00f3n DTI &#8211; Donation &amp; Transplantation Institute &#8211; se siente profundamente conmocionada por la p\u00e9rdida del querido Dr. Jos\u00e9 M. Garc\u00eda Buitr\u00f3n fallecido este s\u00e1bado en Madrid. Desde la fundaci\u00f3n mandamos nuestro m\u00e1s sentido p\u00e9same a familiares y amigos y hacemos part\u00edcipes de la triste noticia a todos sus expertos y colaboradores.<\/p>\n\n<p>El Dr. Buitr\u00f3n fue socio fundador y vicepresidente de la Fundaci\u00f3n DTI, exdirector de la Oficina de Coordinaci\u00f3n de Trasplantes y Gerente del Complejo Hospitalario de A Coru\u00f1a (CHUAC). Como colaborador de nuestra entidad durante 30 a\u00f1os ha ejercido su labor formativa y de cooperaci\u00f3n en pa\u00edses como Trinidad Tobago, Filipinas y Cuba entre muchos otros. <\/p>\n\n<p>Persona muy cercana y entra\u00f1able, as\u00ed como excelente profesional, el Dr. Buitr\u00f3n fue siempre un referente para todos los miembros de nuestra comunidad internacional del mundo de la donaci\u00f3n y el trasplante. Siempre le recordaremos como un amigo y compa\u00f1ero, y como la persona que ha dejado una huella imperecedera en nuestra trayectoria profesional y humana.<\/p>\n\n<figure class=\"wp-block-image size-large\"><img decoding=\"async\" src=\"http:\/\/dtifoundation.com\/wp-content\/uploads\/2023\/02\/Photo-Buitron-scaled.jpg\" alt=\"\" class=\"wp-image-12305\"\/><\/figure>\n","protected":false},"excerpt":{"rendered":"<p>Comunicado oficial del fallecimiento del Dr. Jos\u00e9 M. Garc\u00eda Buitr\u00f3n<\/p>\n","protected":false},"author":1,"featured_media":4381,"comment_status":"open","ping_status":"closed","sticky":false,"template":"","format":"standard","meta":{"_acf_changed":false,"footnotes":""},"categories":[168,172],"tags":[220,216,218,221,149,217,219,151],"class_list":["post-12331","post","type-post","status-publish","format-standard","has-post-thumbnail","hentry","category-events-es","category-webinars-es","tag-course-es","tag-dti-es","tag-dti-foundation-es","tag-organ-es","tag-organ-donation-es","tag-tpm-es","tag-transplant-es","tag-transplantation-es"],"acf":[],"yoast_head":"<!-- This site is optimized with the Yoast SEO plugin v26.9 - https:\/\/yoast.com\/product\/yoast-seo-wordpress\/ -->\n<title>DTI despedimos a nuestro amigo Buitr\u00f3n | DTI Foundation | Donation &amp; Transplantation Institute<\/title>\n<meta name=\"description\" content=\"Comunicado oficial del fallecimiento del Dr. Jos\u00e9 M. Garc\u00eda Buitr\u00f3n\" \/>\n<meta name=\"robots\" content=\"index, follow, max-snippet:-1, max-image-preview:large, max-video-preview:-1\" \/>\n<link rel=\"canonical\" href=\"https:\/\/dtifoundation.com\/es\/dti-despedimos-a-nuestro-amigo-buitron\/\" \/>\n<meta property=\"og:locale\" content=\"es_ES\" \/>\n<meta property=\"og:type\" content=\"article\" \/>\n<meta property=\"og:title\" content=\"DTI despedimos a nuestro amigo Buitr\u00f3n | DTI Foundation | Donation &amp; Transplantation Institute\" \/>\n<meta property=\"og:description\" content=\"Comunicado oficial del fallecimiento del Dr. Jos\u00e9 M. Garc\u00eda Buitr\u00f3n\" \/>\n<meta property=\"og:url\" content=\"https:\/\/dtifoundation.com\/es\/dti-despedimos-a-nuestro-amigo-buitron\/\" \/>\n<meta property=\"og:site_name\" content=\"DTI Foundation | Donation &amp; Transplantation Institute\" \/>\n<meta property=\"article:published_time\" content=\"2022-09-19T13:40:14+00:00\" \/>\n<meta property=\"article:modified_time\" content=\"2023-10-17T13:51:40+00:00\" \/>\n<meta property=\"og:image\" content=\"https:\/\/dtifoundation.com\/wp-content\/uploads\/2023\/02\/Photo-Buitron-scaled-1.jpg\" \/>\n\t<meta property=\"og:image:width\" content=\"1707\" \/>\n\t<meta property=\"og:image:height\" content=\"2560\" \/>\n\t<meta property=\"og:image:type\" content=\"image\/jpeg\" \/>\n<meta name=\"author\" content=\"DTI Foundation\" \/>\n<meta name=\"twitter:card\" content=\"summary_large_image\" \/>\n<meta name=\"twitter:label1\" content=\"Escrito por\" \/>\n\t<meta name=\"twitter:data1\" content=\"DTI Foundation\" \/>\n\t<meta name=\"twitter:label2\" content=\"Tiempo de lectura\" \/>\n\t<meta name=\"twitter:data2\" content=\"1 minuto\" \/>\n<script type=\"application\/ld+json\" class=\"yoast-schema-graph\">{\"@context\":\"https:\/\/schema.org\",\"@graph\":[{\"@type\":\"ScholarlyArticle\",\"@id\":\"https:\/\/dtifoundation.com\/es\/dti-despedimos-a-nuestro-amigo-buitron\/#article\",\"isPartOf\":{\"@id\":\"https:\/\/dtifoundation.com\/es\/dti-despedimos-a-nuestro-amigo-buitron\/\"},\"author\":{\"name\":\"DTI Foundation\",\"@id\":\"https:\/\/dtifoundation.com\/#\/schema\/person\/f692c11e68e0b3ced9d7056273b19eda\"},\"headline\":\"DTI despedimos a nuestro amigo Buitr\u00f3n\",\"datePublished\":\"2022-09-19T13:40:14+00:00\",\"dateModified\":\"2023-10-17T13:51:40+00:00\",\"mainEntityOfPage\":{\"@id\":\"https:\/\/dtifoundation.com\/es\/dti-despedimos-a-nuestro-amigo-buitron\/\"},\"wordCount\":203,\"commentCount\":0,\"image\":{\"@id\":\"https:\/\/dtifoundation.com\/es\/dti-despedimos-a-nuestro-amigo-buitron\/#primaryimage\"},\"thumbnailUrl\":\"https:\/\/dtifoundation.com\/wp-content\/uploads\/2023\/02\/Photo-Buitron-scaled-1.jpg\",\"keywords\":[\"Course\",\"DTI\",\"DTI Foundation\",\"Organ\",\"organ donation\",\"TPM\",\"transplant\",\"Transplantation\"],\"articleSection\":[\"Events\",\"Webinars\"],\"inLanguage\":\"es\",\"potentialAction\":[{\"@type\":\"CommentAction\",\"name\":\"Comment\",\"target\":[\"https:\/\/dtifoundation.com\/es\/dti-despedimos-a-nuestro-amigo-buitron\/#respond\"]}]},{\"@type\":[\"WebPage\",\"MedicalWebPage\"],\"@id\":\"https:\/\/dtifoundation.com\/es\/dti-despedimos-a-nuestro-amigo-buitron\/\",\"url\":\"https:\/\/dtifoundation.com\/es\/dti-despedimos-a-nuestro-amigo-buitron\/\",\"name\":\"DTI despedimos a nuestro amigo Buitr\u00f3n | DTI Foundation | Donation &amp; Transplantation Institute\",\"isPartOf\":{\"@id\":\"https:\/\/dtifoundation.com\/#website\"},\"primaryImageOfPage\":{\"@id\":\"https:\/\/dtifoundation.com\/es\/dti-despedimos-a-nuestro-amigo-buitron\/#primaryimage\"},\"image\":{\"@id\":\"https:\/\/dtifoundation.com\/es\/dti-despedimos-a-nuestro-amigo-buitron\/#primaryimage\"},\"thumbnailUrl\":\"https:\/\/dtifoundation.com\/wp-content\/uploads\/2023\/02\/Photo-Buitron-scaled-1.jpg\",\"datePublished\":\"2022-09-19T13:40:14+00:00\",\"dateModified\":\"2023-10-17T13:51:40+00:00\",\"author\":{\"@id\":\"https:\/\/dtifoundation.com\/#\/schema\/person\/f692c11e68e0b3ced9d7056273b19eda\"},\"description\":\"Comunicado oficial del fallecimiento del Dr. Jos\u00e9 M. Garc\u00eda Buitr\u00f3n\",\"breadcrumb\":{\"@id\":\"https:\/\/dtifoundation.com\/es\/dti-despedimos-a-nuestro-amigo-buitron\/#breadcrumb\"},\"inLanguage\":\"es\",\"potentialAction\":[{\"@type\":\"ReadAction\",\"target\":[\"https:\/\/dtifoundation.com\/es\/dti-despedimos-a-nuestro-amigo-buitron\/\"]}]},{\"@type\":\"ImageObject\",\"inLanguage\":\"es\",\"@id\":\"https:\/\/dtifoundation.com\/es\/dti-despedimos-a-nuestro-amigo-buitron\/#primaryimage\",\"url\":\"https:\/\/dtifoundation.com\/wp-content\/uploads\/2023\/02\/Photo-Buitron-scaled-1.jpg\",\"contentUrl\":\"https:\/\/dtifoundation.com\/wp-content\/uploads\/2023\/02\/Photo-Buitron-scaled-1.jpg\",\"width\":1707,\"height\":2560},{\"@type\":\"BreadcrumbList\",\"@id\":\"https:\/\/dtifoundation.com\/es\/dti-despedimos-a-nuestro-amigo-buitron\/#breadcrumb\",\"itemListElement\":[{\"@type\":\"ListItem\",\"position\":1,\"name\":\"Home\",\"item\":\"https:\/\/dtifoundation.com\/es\/\"},{\"@type\":\"ListItem\",\"position\":2,\"name\":\"DTI despedimos a nuestro amigo Buitr\u00f3n\"}]},{\"@type\":\"WebSite\",\"@id\":\"https:\/\/dtifoundation.com\/#website\",\"url\":\"https:\/\/dtifoundation.com\/\",\"name\":\"TPM - DTI Foundation\",\"description\":\"\",\"potentialAction\":[{\"@type\":\"SearchAction\",\"target\":{\"@type\":\"EntryPoint\",\"urlTemplate\":\"https:\/\/dtifoundation.com\/?s={search_term_string}\"},\"query-input\":{\"@type\":\"PropertyValueSpecification\",\"valueRequired\":true,\"valueName\":\"search_term_string\"}}],\"inLanguage\":\"es\"},{\"@type\":\"Person\",\"@id\":\"https:\/\/dtifoundation.com\/#\/schema\/person\/f692c11e68e0b3ced9d7056273b19eda\",\"name\":\"DTI Foundation\",\"image\":{\"@type\":\"ImageObject\",\"inLanguage\":\"es\",\"@id\":\"https:\/\/dtifoundation.com\/#\/schema\/person\/image\/\",\"url\":\"https:\/\/secure.gravatar.com\/avatar\/c3b61ffa550c02e978b7bd68f0afa9a39af9a6f13fe39949e7f8da4aab75245c?s=96&d=mm&r=g\",\"contentUrl\":\"https:\/\/secure.gravatar.com\/avatar\/c3b61ffa550c02e978b7bd68f0afa9a39af9a6f13fe39949e7f8da4aab75245c?s=96&d=mm&r=g\",\"caption\":\"DTI Foundation\"},\"sameAs\":[\"https:\/\/dtifoundation.com\"],\"url\":\"https:\/\/dtifoundation.com\/es\/author\/allinagencyadmin\/\"}]}<\/script>\n<!-- \/ Yoast SEO plugin. -->","yoast_head_json":{"title":"DTI despedimos a nuestro amigo Buitr\u00f3n | DTI Foundation | Donation &amp; Transplantation Institute","description":"Comunicado oficial del fallecimiento del Dr. Jos\u00e9 M. Garc\u00eda Buitr\u00f3n","robots":{"index":"index","follow":"follow","max-snippet":"max-snippet:-1","max-image-preview":"max-image-preview:large","max-video-preview":"max-video-preview:-1"},"canonical":"https:\/\/dtifoundation.com\/es\/dti-despedimos-a-nuestro-amigo-buitron\/","og_locale":"es_ES","og_type":"article","og_title":"DTI despedimos a nuestro amigo Buitr\u00f3n | DTI Foundation | Donation &amp; Transplantation Institute","og_description":"Comunicado oficial del fallecimiento del Dr. Jos\u00e9 M. Garc\u00eda Buitr\u00f3n","og_url":"https:\/\/dtifoundation.com\/es\/dti-despedimos-a-nuestro-amigo-buitron\/","og_site_name":"DTI Foundation | Donation &amp; Transplantation Institute","article_published_time":"2022-09-19T13:40:14+00:00","article_modified_time":"2023-10-17T13:51:40+00:00","og_image":[{"width":1707,"height":2560,"url":"https:\/\/dtifoundation.com\/wp-content\/uploads\/2023\/02\/Photo-Buitron-scaled-1.jpg","type":"image\/jpeg"}],"author":"DTI Foundation","twitter_card":"summary_large_image","twitter_misc":{"Escrito por":"DTI Foundation","Tiempo de lectura":"1 minuto"},"schema":{"@context":"https:\/\/schema.org","@graph":[{"@type":"ScholarlyArticle","@id":"https:\/\/dtifoundation.com\/es\/dti-despedimos-a-nuestro-amigo-buitron\/#article","isPartOf":{"@id":"https:\/\/dtifoundation.com\/es\/dti-despedimos-a-nuestro-amigo-buitron\/"},"author":{"name":"DTI Foundation","@id":"https:\/\/dtifoundation.com\/#\/schema\/person\/f692c11e68e0b3ced9d7056273b19eda"},"headline":"DTI despedimos a nuestro amigo Buitr\u00f3n","datePublished":"2022-09-19T13:40:14+00:00","dateModified":"2023-10-17T13:51:40+00:00","mainEntityOfPage":{"@id":"https:\/\/dtifoundation.com\/es\/dti-despedimos-a-nuestro-amigo-buitron\/"},"wordCount":203,"commentCount":0,"image":{"@id":"https:\/\/dtifoundation.com\/es\/dti-despedimos-a-nuestro-amigo-buitron\/#primaryimage"},"thumbnailUrl":"https:\/\/dtifoundation.com\/wp-content\/uploads\/2023\/02\/Photo-Buitron-scaled-1.jpg","keywords":["Course","DTI","DTI Foundation","Organ","organ donation","TPM","transplant","Transplantation"],"articleSection":["Events","Webinars"],"inLanguage":"es","potentialAction":[{"@type":"CommentAction","name":"Comment","target":["https:\/\/dtifoundation.com\/es\/dti-despedimos-a-nuestro-amigo-buitron\/#respond"]}]},{"@type":["WebPage","MedicalWebPage"],"@id":"https:\/\/dtifoundation.com\/es\/dti-despedimos-a-nuestro-amigo-buitron\/","url":"https:\/\/dtifoundation.com\/es\/dti-despedimos-a-nuestro-amigo-buitron\/","name":"DTI despedimos a nuestro amigo Buitr\u00f3n | DTI Foundation | Donation &amp; Transplantation Institute","isPartOf":{"@id":"https:\/\/dtifoundation.com\/#website"},"primaryImageOfPage":{"@id":"https:\/\/dtifoundation.com\/es\/dti-despedimos-a-nuestro-amigo-buitron\/#primaryimage"},"image":{"@id":"https:\/\/dtifoundation.com\/es\/dti-despedimos-a-nuestro-amigo-buitron\/#primaryimage"},"thumbnailUrl":"https:\/\/dtifoundation.com\/wp-content\/uploads\/2023\/02\/Photo-Buitron-scaled-1.jpg","datePublished":"2022-09-19T13:40:14+00:00","dateModified":"2023-10-17T13:51:40+00:00","author":{"@id":"https:\/\/dtifoundation.com\/#\/schema\/person\/f692c11e68e0b3ced9d7056273b19eda"},"description":"Comunicado oficial del fallecimiento del Dr. Jos\u00e9 M. Garc\u00eda Buitr\u00f3n","breadcrumb":{"@id":"https:\/\/dtifoundation.com\/es\/dti-despedimos-a-nuestro-amigo-buitron\/#breadcrumb"},"inLanguage":"es","potentialAction":[{"@type":"ReadAction","target":["https:\/\/dtifoundation.com\/es\/dti-despedimos-a-nuestro-amigo-buitron\/"]}]},{"@type":"ImageObject","inLanguage":"es","@id":"https:\/\/dtifoundation.com\/es\/dti-despedimos-a-nuestro-amigo-buitron\/#primaryimage","url":"https:\/\/dtifoundation.com\/wp-content\/uploads\/2023\/02\/Photo-Buitron-scaled-1.jpg","contentUrl":"https:\/\/dtifoundation.com\/wp-content\/uploads\/2023\/02\/Photo-Buitron-scaled-1.jpg","width":1707,"height":2560},{"@type":"BreadcrumbList","@id":"https:\/\/dtifoundation.com\/es\/dti-despedimos-a-nuestro-amigo-buitron\/#breadcrumb","itemListElement":[{"@type":"ListItem","position":1,"name":"Home","item":"https:\/\/dtifoundation.com\/es\/"},{"@type":"ListItem","position":2,"name":"DTI despedimos a nuestro amigo Buitr\u00f3n"}]},{"@type":"WebSite","@id":"https:\/\/dtifoundation.com\/#website","url":"https:\/\/dtifoundation.com\/","name":"TPM - DTI Foundation","description":"","potentialAction":[{"@type":"SearchAction","target":{"@type":"EntryPoint","urlTemplate":"https:\/\/dtifoundation.com\/?s={search_term_string}"},"query-input":{"@type":"PropertyValueSpecification","valueRequired":true,"valueName":"search_term_string"}}],"inLanguage":"es"},{"@type":"Person","@id":"https:\/\/dtifoundation.com\/#\/schema\/person\/f692c11e68e0b3ced9d7056273b19eda","name":"DTI Foundation","image":{"@type":"ImageObject","inLanguage":"es","@id":"https:\/\/dtifoundation.com\/#\/schema\/person\/image\/","url":"https:\/\/secure.gravatar.com\/avatar\/c3b61ffa550c02e978b7bd68f0afa9a39af9a6f13fe39949e7f8da4aab75245c?s=96&d=mm&r=g","contentUrl":"https:\/\/secure.gravatar.com\/avatar\/c3b61ffa550c02e978b7bd68f0afa9a39af9a6f13fe39949e7f8da4aab75245c?s=96&d=mm&r=g","caption":"DTI Foundation"},"sameAs":["https:\/\/dtifoundation.com"],"url":"https:\/\/dtifoundation.com\/es\/author\/allinagencyadmin\/"}]}},"_links":{"self":[{"href":"https:\/\/dtifoundation.com\/es\/wp-json\/wp\/v2\/posts\/12331","targetHints":{"allow":["GET"]}}],"collection":[{"href":"https:\/\/dtifoundation.com\/es\/wp-json\/wp\/v2\/posts"}],"about":[{"href":"https:\/\/dtifoundation.com\/es\/wp-json\/wp\/v2\/types\/post"}],"author":[{"embeddable":true,"href":"https:\/\/dtifoundation.com\/es\/wp-json\/wp\/v2\/users\/1"}],"replies":[{"embeddable":true,"href":"https:\/\/dtifoundation.com\/es\/wp-json\/wp\/v2\/comments?post=12331"}],"version-history":[{"count":0,"href":"https:\/\/dtifoundation.com\/es\/wp-json\/wp\/v2\/posts\/12331\/revisions"}],"wp:featuredmedia":[{"embeddable":true,"href":"https:\/\/dtifoundation.com\/es\/wp-json\/wp\/v2\/media\/4381"}],"wp:attachment":[{"href":"https:\/\/dtifoundation.com\/es\/wp-json\/wp\/v2\/media?parent=12331"}],"wp:term":[{"taxonomy":"category","embeddable":true,"href":"https:\/\/dtifoundation.com\/es\/wp-json\/wp\/v2\/categories?post=12331"},{"taxonomy":"post_tag","embeddable":true,"href":"https:\/\/dtifoundation.com\/es\/wp-json\/wp\/v2\/tags?post=12331"}],"curies":[{"name":"wp","href":"https:\/\/api.w.org\/{rel}","templated":true}]}}