{"id":6032,"date":"2020-04-20T08:40:24","date_gmt":"2020-04-20T08:40:24","guid":{"rendered":"http:\/\/dti.developallin.com\/el-gran-concert-solidari-es-celebrara-al-2021\/"},"modified":"2024-02-22T12:51:54","modified_gmt":"2024-02-22T12:51:54","slug":"el-gran-concert-solidari-es-celebrara-al-2021","status":"publish","type":"post","link":"https:\/\/dtifoundation.com\/ca\/el-gran-concert-solidari-es-celebrara-al-2021\/","title":{"rendered":"El Gran Concert Solidari \u00e9s celebrar\u00e0 al 2021"},"content":{"rendered":"<p>A causa de la situaci\u00f3 de pand\u00e8mia<strong>DTI Foundation<\/strong> i <strong>Nen D\u00e9u Fundaci\u00f3<\/strong> han reprogramat el seu concert ben\u00e8fic per al proper any. Se celebrar\u00e0 el 28 de juny al <strong>Palau de la M\u00fasica Catalana de Barcelona<\/strong>.<\/p>\n<p><img decoding=\"async\" class=\"aligncenter wp-image-9207\" src=\"http:\/\/dtifoundation.com\/wp-content\/uploads\/2023\/02\/palau-de-la-musica-interior-1024x616.jpg\" alt=\" \" width=\"500\" height=\"301\" \/><\/p>\n<p>Aquest esdeveniment us donar\u00e0 l&#8217;oportunitat de gaudir de la m\u00fasica en directe i col\u00b7laborar amb dues causes importants: la inclusi\u00f3 social de les persones amb discapacitat i la conscienciaci\u00f3 social en la donaci\u00f3 d&#8217;\u00f2rgans per a trasplantament. Cultura i solidaritat junts en un esdeveniment.<\/p>\n<p>La brillantor de l&#8217;<strong>Escolania de Montserrat<\/strong> i de l&#8217;<strong>Orquestra Simf\u00f2nica del Vall\u00e8s<\/strong> estar\u00e0 acompanyada per \u00c1lvaro Carnicero a l&#8217;orgue, i per la <strong>Capella de M\u00fasica de Montserrat<\/strong> fort>, amb Xavier Puig com a director d&#8217;orquestra. Junts, interpretaran el Gran Concert del 2021, amb peces de Georg F. H\u00e4ndel, Joseph Haydn i Anselm Viola.<\/p>\n<p><img decoding=\"async\" class=\"aligncenter wp-image-9210\" src=\"http:\/\/dtifoundation.com\/wp-content\/uploads\/2023\/02\/Escolania.png\" alt=\"\" width=\"565\" height=\"319 \" \/><\/p>\n<p>Si ja has reservat les teves entrades per al 2020, conserva-les, seran v\u00e0lides per al 2021. Les persones que hagin comprat les entrades i vulguin obtenir el reemborsament s&#8217;han de posar en contacte amb la taquilla per correu electr\u00f2nic a <a href=\"mailto:taquilles@palaumusica.cat \">taquilles@palaumusica.cat<\/a><\/p>\n<p>Si voleu acompanyar-nos, podeu comprar les entrades aqu\u00ed:<a href=\"http:\/\/bit.ly\/PalauDTI\"> www.palaudelamusica.cat<\/a><\/p>\n<p>En cas que no pugueu assistir al concert i encara voleu col\u00b7laborar amb aquestes causes, podeu &#8220;comprar&#8221; una entrada de <strong>Charity Front Row<\/strong> aqu\u00ed: <a href=\"http:\/\/bit.ly\". \/Fila0Palau\">http:\/\/bit.ly\/Fila0Palau<\/a><\/p>\n<p>Dades de contacte de DTI:\u00a0\u00a0<a href=\"mailto:infodti@dtifoundation.com\">infodti@dtifoundation.com<\/a> \/ +34-934020897<\/p>\n","protected":false},"excerpt":{"rendered":"<p>A causa de la situaci\u00f3 de pand\u00e8miaDTI Foundation i Nen D\u00e9u Fundaci\u00f3 han reprogramat el seu concert ben\u00e8fic per al [&hellip;]<\/p>\n","protected":false},"author":1,"featured_media":3705,"comment_status":"closed","ping_status":"closed","sticky":false,"template":"","format":"standard","meta":{"_acf_changed":false,"footnotes":""},"categories":[173,174,178],"tags":[],"class_list":["post-6032","post","type-post","status-publish","format-standard","has-post-thumbnail","hentry","category-courses-ca","category-events-ca","category-webinars-ca"],"acf":[],"yoast_head":"<!-- This site is optimized with the Yoast SEO plugin v26.9 - https:\/\/yoast.com\/product\/yoast-seo-wordpress\/ -->\n<title>El Gran Concert Solidari \u00e9s celebrar\u00e0 al 2021 | DTI Foundation | Donation &amp; Transplantation Institute<\/title>\n<meta name=\"description\" content=\"A causa de la situaci\u00f3 de pand\u00e8miaDTI Foundation i Nen D\u00e9u Fundaci\u00f3 han reprogramat el seu concert ben\u00e8fic per al proper any. Se celebrar\u00e0 el 28 de juny\" \/>\n<meta name=\"robots\" content=\"index, follow, max-snippet:-1, max-image-preview:large, max-video-preview:-1\" \/>\n<link rel=\"canonical\" href=\"https:\/\/dtifoundation.com\/ca\/el-gran-concert-solidari-es-celebrara-al-2021\/\" \/>\n<meta property=\"og:locale\" content=\"ca_ES\" \/>\n<meta property=\"og:type\" content=\"article\" \/>\n<meta property=\"og:title\" content=\"El Gran Concert Solidari \u00e9s celebrar\u00e0 al 2021 | DTI Foundation | Donation &amp; Transplantation Institute\" \/>\n<meta property=\"og:description\" content=\"A causa de la situaci\u00f3 de pand\u00e8miaDTI Foundation i Nen D\u00e9u Fundaci\u00f3 han reprogramat el seu concert ben\u00e8fic per al proper any. Se celebrar\u00e0 el 28 de juny\" \/>\n<meta property=\"og:url\" content=\"https:\/\/dtifoundation.com\/ca\/el-gran-concert-solidari-es-celebrara-al-2021\/\" \/>\n<meta property=\"og:site_name\" content=\"DTI Foundation | Donation &amp; Transplantation Institute\" \/>\n<meta property=\"article:published_time\" content=\"2020-04-20T08:40:24+00:00\" \/>\n<meta property=\"article:modified_time\" content=\"2024-02-22T12:51:54+00:00\" \/>\n<meta property=\"og:image\" content=\"https:\/\/dtifoundation.com\/wp-content\/uploads\/2023\/02\/Escolania-1.png\" \/>\n\t<meta property=\"og:image:width\" content=\"716\" \/>\n\t<meta property=\"og:image:height\" content=\"341\" \/>\n\t<meta property=\"og:image:type\" content=\"image\/png\" \/>\n<meta name=\"author\" content=\"DTI Foundation\" \/>\n<meta name=\"twitter:card\" content=\"summary_large_image\" \/>\n<meta name=\"twitter:label1\" content=\"Escrit per\" \/>\n\t<meta name=\"twitter:data1\" content=\"DTI Foundation\" \/>\n\t<meta name=\"twitter:label2\" content=\"Temps estimat de lectura\" \/>\n\t<meta name=\"twitter:data2\" content=\"1 minut\" \/>\n<script type=\"application\/ld+json\" class=\"yoast-schema-graph\">{\"@context\":\"https:\/\/schema.org\",\"@graph\":[{\"@type\":\"ScholarlyArticle\",\"@id\":\"https:\/\/dtifoundation.com\/ca\/el-gran-concert-solidari-es-celebrara-al-2021\/#article\",\"isPartOf\":{\"@id\":\"https:\/\/dtifoundation.com\/ca\/el-gran-concert-solidari-es-celebrara-al-2021\/\"},\"author\":{\"name\":\"DTI Foundation\",\"@id\":\"https:\/\/dtifoundation.com\/#\/schema\/person\/f692c11e68e0b3ced9d7056273b19eda\"},\"headline\":\"El Gran Concert Solidari \u00e9s celebrar\u00e0 al 2021\",\"datePublished\":\"2020-04-20T08:40:24+00:00\",\"dateModified\":\"2024-02-22T12:51:54+00:00\",\"mainEntityOfPage\":{\"@id\":\"https:\/\/dtifoundation.com\/ca\/el-gran-concert-solidari-es-celebrara-al-2021\/\"},\"wordCount\":234,\"image\":{\"@id\":\"https:\/\/dtifoundation.com\/ca\/el-gran-concert-solidari-es-celebrara-al-2021\/#primaryimage\"},\"thumbnailUrl\":\"https:\/\/dtifoundation.com\/wp-content\/uploads\/2023\/02\/Escolania-1.png\",\"articleSection\":[\"Courses\",\"Events\",\"Webinars\"],\"inLanguage\":\"ca\"},{\"@type\":[\"WebPage\",\"MedicalWebPage\"],\"@id\":\"https:\/\/dtifoundation.com\/ca\/el-gran-concert-solidari-es-celebrara-al-2021\/\",\"url\":\"https:\/\/dtifoundation.com\/ca\/el-gran-concert-solidari-es-celebrara-al-2021\/\",\"name\":\"El Gran Concert Solidari \u00e9s celebrar\u00e0 al 2021 | DTI Foundation | Donation &amp; Transplantation Institute\",\"isPartOf\":{\"@id\":\"https:\/\/dtifoundation.com\/#website\"},\"primaryImageOfPage\":{\"@id\":\"https:\/\/dtifoundation.com\/ca\/el-gran-concert-solidari-es-celebrara-al-2021\/#primaryimage\"},\"image\":{\"@id\":\"https:\/\/dtifoundation.com\/ca\/el-gran-concert-solidari-es-celebrara-al-2021\/#primaryimage\"},\"thumbnailUrl\":\"https:\/\/dtifoundation.com\/wp-content\/uploads\/2023\/02\/Escolania-1.png\",\"datePublished\":\"2020-04-20T08:40:24+00:00\",\"dateModified\":\"2024-02-22T12:51:54+00:00\",\"author\":{\"@id\":\"https:\/\/dtifoundation.com\/#\/schema\/person\/f692c11e68e0b3ced9d7056273b19eda\"},\"description\":\"A causa de la situaci\u00f3 de pand\u00e8miaDTI Foundation i Nen D\u00e9u Fundaci\u00f3 han reprogramat el seu concert ben\u00e8fic per al proper any. Se celebrar\u00e0 el 28 de juny\",\"breadcrumb\":{\"@id\":\"https:\/\/dtifoundation.com\/ca\/el-gran-concert-solidari-es-celebrara-al-2021\/#breadcrumb\"},\"inLanguage\":\"ca\",\"potentialAction\":[{\"@type\":\"ReadAction\",\"target\":[\"https:\/\/dtifoundation.com\/ca\/el-gran-concert-solidari-es-celebrara-al-2021\/\"]}]},{\"@type\":\"ImageObject\",\"inLanguage\":\"ca\",\"@id\":\"https:\/\/dtifoundation.com\/ca\/el-gran-concert-solidari-es-celebrara-al-2021\/#primaryimage\",\"url\":\"https:\/\/dtifoundation.com\/wp-content\/uploads\/2023\/02\/Escolania-1.png\",\"contentUrl\":\"https:\/\/dtifoundation.com\/wp-content\/uploads\/2023\/02\/Escolania-1.png\",\"width\":716,\"height\":341},{\"@type\":\"BreadcrumbList\",\"@id\":\"https:\/\/dtifoundation.com\/ca\/el-gran-concert-solidari-es-celebrara-al-2021\/#breadcrumb\",\"itemListElement\":[{\"@type\":\"ListItem\",\"position\":1,\"name\":\"Home\",\"item\":\"https:\/\/dtifoundation.com\/ca\/\"},{\"@type\":\"ListItem\",\"position\":2,\"name\":\"El Gran Concert Solidari \u00e9s celebrar\u00e0 al 2021\"}]},{\"@type\":\"WebSite\",\"@id\":\"https:\/\/dtifoundation.com\/#website\",\"url\":\"https:\/\/dtifoundation.com\/\",\"name\":\"TPM - DTI Foundation\",\"description\":\"\",\"potentialAction\":[{\"@type\":\"SearchAction\",\"target\":{\"@type\":\"EntryPoint\",\"urlTemplate\":\"https:\/\/dtifoundation.com\/?s={search_term_string}\"},\"query-input\":{\"@type\":\"PropertyValueSpecification\",\"valueRequired\":true,\"valueName\":\"search_term_string\"}}],\"inLanguage\":\"ca\"},{\"@type\":\"Person\",\"@id\":\"https:\/\/dtifoundation.com\/#\/schema\/person\/f692c11e68e0b3ced9d7056273b19eda\",\"name\":\"DTI Foundation\",\"image\":{\"@type\":\"ImageObject\",\"inLanguage\":\"ca\",\"@id\":\"https:\/\/dtifoundation.com\/#\/schema\/person\/image\/\",\"url\":\"https:\/\/secure.gravatar.com\/avatar\/c3b61ffa550c02e978b7bd68f0afa9a39af9a6f13fe39949e7f8da4aab75245c?s=96&d=mm&r=g\",\"contentUrl\":\"https:\/\/secure.gravatar.com\/avatar\/c3b61ffa550c02e978b7bd68f0afa9a39af9a6f13fe39949e7f8da4aab75245c?s=96&d=mm&r=g\",\"caption\":\"DTI Foundation\"},\"sameAs\":[\"https:\/\/dtifoundation.com\"],\"url\":\"https:\/\/dtifoundation.com\/ca\/author\/allinagencyadmin\/\"}]}<\/script>\n<!-- \/ Yoast SEO plugin. -->","yoast_head_json":{"title":"El Gran Concert Solidari \u00e9s celebrar\u00e0 al 2021 | DTI Foundation | Donation &amp; Transplantation Institute","description":"A causa de la situaci\u00f3 de pand\u00e8miaDTI Foundation i Nen D\u00e9u Fundaci\u00f3 han reprogramat el seu concert ben\u00e8fic per al proper any. Se celebrar\u00e0 el 28 de juny","robots":{"index":"index","follow":"follow","max-snippet":"max-snippet:-1","max-image-preview":"max-image-preview:large","max-video-preview":"max-video-preview:-1"},"canonical":"https:\/\/dtifoundation.com\/ca\/el-gran-concert-solidari-es-celebrara-al-2021\/","og_locale":"ca_ES","og_type":"article","og_title":"El Gran Concert Solidari \u00e9s celebrar\u00e0 al 2021 | DTI Foundation | Donation &amp; Transplantation Institute","og_description":"A causa de la situaci\u00f3 de pand\u00e8miaDTI Foundation i Nen D\u00e9u Fundaci\u00f3 han reprogramat el seu concert ben\u00e8fic per al proper any. Se celebrar\u00e0 el 28 de juny","og_url":"https:\/\/dtifoundation.com\/ca\/el-gran-concert-solidari-es-celebrara-al-2021\/","og_site_name":"DTI Foundation | Donation &amp; Transplantation Institute","article_published_time":"2020-04-20T08:40:24+00:00","article_modified_time":"2024-02-22T12:51:54+00:00","og_image":[{"width":716,"height":341,"url":"https:\/\/dtifoundation.com\/wp-content\/uploads\/2023\/02\/Escolania-1.png","type":"image\/png"}],"author":"DTI Foundation","twitter_card":"summary_large_image","twitter_misc":{"Escrit per":"DTI Foundation","Temps estimat de lectura":"1 minut"},"schema":{"@context":"https:\/\/schema.org","@graph":[{"@type":"ScholarlyArticle","@id":"https:\/\/dtifoundation.com\/ca\/el-gran-concert-solidari-es-celebrara-al-2021\/#article","isPartOf":{"@id":"https:\/\/dtifoundation.com\/ca\/el-gran-concert-solidari-es-celebrara-al-2021\/"},"author":{"name":"DTI Foundation","@id":"https:\/\/dtifoundation.com\/#\/schema\/person\/f692c11e68e0b3ced9d7056273b19eda"},"headline":"El Gran Concert Solidari \u00e9s celebrar\u00e0 al 2021","datePublished":"2020-04-20T08:40:24+00:00","dateModified":"2024-02-22T12:51:54+00:00","mainEntityOfPage":{"@id":"https:\/\/dtifoundation.com\/ca\/el-gran-concert-solidari-es-celebrara-al-2021\/"},"wordCount":234,"image":{"@id":"https:\/\/dtifoundation.com\/ca\/el-gran-concert-solidari-es-celebrara-al-2021\/#primaryimage"},"thumbnailUrl":"https:\/\/dtifoundation.com\/wp-content\/uploads\/2023\/02\/Escolania-1.png","articleSection":["Courses","Events","Webinars"],"inLanguage":"ca"},{"@type":["WebPage","MedicalWebPage"],"@id":"https:\/\/dtifoundation.com\/ca\/el-gran-concert-solidari-es-celebrara-al-2021\/","url":"https:\/\/dtifoundation.com\/ca\/el-gran-concert-solidari-es-celebrara-al-2021\/","name":"El Gran Concert Solidari \u00e9s celebrar\u00e0 al 2021 | DTI Foundation | Donation &amp; Transplantation Institute","isPartOf":{"@id":"https:\/\/dtifoundation.com\/#website"},"primaryImageOfPage":{"@id":"https:\/\/dtifoundation.com\/ca\/el-gran-concert-solidari-es-celebrara-al-2021\/#primaryimage"},"image":{"@id":"https:\/\/dtifoundation.com\/ca\/el-gran-concert-solidari-es-celebrara-al-2021\/#primaryimage"},"thumbnailUrl":"https:\/\/dtifoundation.com\/wp-content\/uploads\/2023\/02\/Escolania-1.png","datePublished":"2020-04-20T08:40:24+00:00","dateModified":"2024-02-22T12:51:54+00:00","author":{"@id":"https:\/\/dtifoundation.com\/#\/schema\/person\/f692c11e68e0b3ced9d7056273b19eda"},"description":"A causa de la situaci\u00f3 de pand\u00e8miaDTI Foundation i Nen D\u00e9u Fundaci\u00f3 han reprogramat el seu concert ben\u00e8fic per al proper any. Se celebrar\u00e0 el 28 de juny","breadcrumb":{"@id":"https:\/\/dtifoundation.com\/ca\/el-gran-concert-solidari-es-celebrara-al-2021\/#breadcrumb"},"inLanguage":"ca","potentialAction":[{"@type":"ReadAction","target":["https:\/\/dtifoundation.com\/ca\/el-gran-concert-solidari-es-celebrara-al-2021\/"]}]},{"@type":"ImageObject","inLanguage":"ca","@id":"https:\/\/dtifoundation.com\/ca\/el-gran-concert-solidari-es-celebrara-al-2021\/#primaryimage","url":"https:\/\/dtifoundation.com\/wp-content\/uploads\/2023\/02\/Escolania-1.png","contentUrl":"https:\/\/dtifoundation.com\/wp-content\/uploads\/2023\/02\/Escolania-1.png","width":716,"height":341},{"@type":"BreadcrumbList","@id":"https:\/\/dtifoundation.com\/ca\/el-gran-concert-solidari-es-celebrara-al-2021\/#breadcrumb","itemListElement":[{"@type":"ListItem","position":1,"name":"Home","item":"https:\/\/dtifoundation.com\/ca\/"},{"@type":"ListItem","position":2,"name":"El Gran Concert Solidari \u00e9s celebrar\u00e0 al 2021"}]},{"@type":"WebSite","@id":"https:\/\/dtifoundation.com\/#website","url":"https:\/\/dtifoundation.com\/","name":"TPM - DTI Foundation","description":"","potentialAction":[{"@type":"SearchAction","target":{"@type":"EntryPoint","urlTemplate":"https:\/\/dtifoundation.com\/?s={search_term_string}"},"query-input":{"@type":"PropertyValueSpecification","valueRequired":true,"valueName":"search_term_string"}}],"inLanguage":"ca"},{"@type":"Person","@id":"https:\/\/dtifoundation.com\/#\/schema\/person\/f692c11e68e0b3ced9d7056273b19eda","name":"DTI Foundation","image":{"@type":"ImageObject","inLanguage":"ca","@id":"https:\/\/dtifoundation.com\/#\/schema\/person\/image\/","url":"https:\/\/secure.gravatar.com\/avatar\/c3b61ffa550c02e978b7bd68f0afa9a39af9a6f13fe39949e7f8da4aab75245c?s=96&d=mm&r=g","contentUrl":"https:\/\/secure.gravatar.com\/avatar\/c3b61ffa550c02e978b7bd68f0afa9a39af9a6f13fe39949e7f8da4aab75245c?s=96&d=mm&r=g","caption":"DTI Foundation"},"sameAs":["https:\/\/dtifoundation.com"],"url":"https:\/\/dtifoundation.com\/ca\/author\/allinagencyadmin\/"}]}},"_links":{"self":[{"href":"https:\/\/dtifoundation.com\/ca\/wp-json\/wp\/v2\/posts\/6032","targetHints":{"allow":["GET"]}}],"collection":[{"href":"https:\/\/dtifoundation.com\/ca\/wp-json\/wp\/v2\/posts"}],"about":[{"href":"https:\/\/dtifoundation.com\/ca\/wp-json\/wp\/v2\/types\/post"}],"author":[{"embeddable":true,"href":"https:\/\/dtifoundation.com\/ca\/wp-json\/wp\/v2\/users\/1"}],"replies":[{"embeddable":true,"href":"https:\/\/dtifoundation.com\/ca\/wp-json\/wp\/v2\/comments?post=6032"}],"version-history":[{"count":0,"href":"https:\/\/dtifoundation.com\/ca\/wp-json\/wp\/v2\/posts\/6032\/revisions"}],"wp:featuredmedia":[{"embeddable":true,"href":"https:\/\/dtifoundation.com\/ca\/wp-json\/wp\/v2\/media\/3705"}],"wp:attachment":[{"href":"https:\/\/dtifoundation.com\/ca\/wp-json\/wp\/v2\/media?parent=6032"}],"wp:term":[{"taxonomy":"category","embeddable":true,"href":"https:\/\/dtifoundation.com\/ca\/wp-json\/wp\/v2\/categories?post=6032"},{"taxonomy":"post_tag","embeddable":true,"href":"https:\/\/dtifoundation.com\/ca\/wp-json\/wp\/v2\/tags?post=6032"}],"curies":[{"name":"wp","href":"https:\/\/api.w.org\/{rel}","templated":true}]}}